{"id":1059,"date":"2016-11-23T22:12:12","date_gmt":"2016-11-23T21:12:12","guid":{"rendered":"http:\/\/www.santiagocasas.es\/index.php\/2016\/11\/23\/tesla-cubre-toda-la-demanda-electrica-de-una-isla-del-pacifico-con-energia-solar\/"},"modified":"2016-11-23T22:12:12","modified_gmt":"2016-11-23T21:12:12","slug":"tesla-cubre-toda-la-demanda-electrica-de-una-isla-del-pacifico-con-energia-solar","status":"publish","type":"post","link":"https:\/\/www.santiagocasas.es\/index.php\/2016\/11\/23\/tesla-cubre-toda-la-demanda-electrica-de-una-isla-del-pacifico-con-energia-solar\/","title":{"rendered":"Tesla cubre toda la demanda el\u00e9ctrica de una isla del Pac\u00edfico con energ\u00eda solar"},"content":{"rendered":"<p>Tesla cubre toda la demanda el\u00e9ctrica de una isla del Pac\u00edfico con energ\u00eda solar <a href=\"http:\/\/tecnologia.elpais.com\/tecnologia\/2016\/11\/23\/actualidad\/1479903649_828123.html?id_externo_rsoc=TW_CC\">http:\/\/tecnologia.elpais.com\/tecnologia\/2016\/11\/23\/actualidad\/1479903649_828123.html?id_externo_rsoc=TW_CC<\/a> v\u00eda @el_pais<\/p>\n","protected":false},"excerpt":{"rendered":"<p>Tesla cubre toda la demanda el\u00e9ctrica de una isla del Pac\u00edfico con energ\u00eda solar http:\/\/tecnologia.elpais.com\/tecnologia\/2016\/11\/23\/actualidad\/1479903649_828123.html?id_externo_rsoc=TW_CC v\u00eda @el_pais<\/p>\n","protected":false},"author":3,"featured_media":0,"comment_status":"open","ping_status":"open","sticky":false,"template":"","format":"standard","meta":{"footnotes":""},"categories":[1],"tags":[],"class_list":["post-1059","post","type-post","status-publish","format-standard","hentry","category-sin-categoria"],"_links":{"self":[{"href":"https:\/\/www.santiagocasas.es\/index.php\/wp-json\/wp\/v2\/posts\/1059","targetHints":{"allow":["GET"]}}],"collection":[{"href":"https:\/\/www.santiagocasas.es\/index.php\/wp-json\/wp\/v2\/posts"}],"about":[{"href":"https:\/\/www.santiagocasas.es\/index.php\/wp-json\/wp\/v2\/types\/post"}],"author":[{"embeddable":true,"href":"https:\/\/www.santiagocasas.es\/index.php\/wp-json\/wp\/v2\/users\/3"}],"replies":[{"embeddable":true,"href":"https:\/\/www.santiagocasas.es\/index.php\/wp-json\/wp\/v2\/comments?post=1059"}],"version-history":[{"count":0,"href":"https:\/\/www.santiagocasas.es\/index.php\/wp-json\/wp\/v2\/posts\/1059\/revisions"}],"wp:attachment":[{"href":"https:\/\/www.santiagocasas.es\/index.php\/wp-json\/wp\/v2\/media?parent=1059"}],"wp:term":[{"taxonomy":"category","embeddable":true,"href":"https:\/\/www.santiagocasas.es\/index.php\/wp-json\/wp\/v2\/categories?post=1059"},{"taxonomy":"post_tag","embeddable":true,"href":"https:\/\/www.santiagocasas.es\/index.php\/wp-json\/wp\/v2\/tags?post=1059"}],"curies":[{"name":"wp","href":"https:\/\/api.w.org\/{rel}","templated":true}]}}