{"id":1311,"date":"2017-02-03T12:44:21","date_gmt":"2017-02-03T11:44:21","guid":{"rendered":"http:\/\/www.santiagocasas.es\/index.php\/2017\/02\/03\/opinion-vuelve-la-inflacion-por-jose-carlos-diez\/"},"modified":"2017-02-03T12:44:21","modified_gmt":"2017-02-03T11:44:21","slug":"opinion-vuelve-la-inflacion-por-jose-carlos-diez","status":"publish","type":"post","link":"https:\/\/www.santiagocasas.es\/index.php\/2017\/02\/03\/opinion-vuelve-la-inflacion-por-jose-carlos-diez\/","title":{"rendered":"Opini\u00f3n | Vuelve la inflaci\u00f3n; por Jos\u00e9 Carlos D\u00edez"},"content":{"rendered":"<p>Opini\u00f3n | Vuelve la inflaci\u00f3n; por Jos\u00e9 Carlos D\u00edez <a href=\"http:\/\/economia.elpais.com\/economia\/2017\/02\/02\/actualidad\/1486038053_674009.html?id_externo_rsoc=TW_CC\">http:\/\/economia.elpais.com\/economia\/2017\/02\/02\/actualidad\/1486038053_674009.html?id_externo_rsoc=TW_CC<\/a> v\u00eda @el_pais<\/p>\n","protected":false},"excerpt":{"rendered":"<p>Opini\u00f3n | Vuelve la inflaci\u00f3n; por Jos\u00e9 Carlos D\u00edez http:\/\/economia.elpais.com\/economia\/2017\/02\/02\/actualidad\/1486038053_674009.html?id_externo_rsoc=TW_CC v\u00eda @el_pais<\/p>\n","protected":false},"author":3,"featured_media":0,"comment_status":"closed","ping_status":"open","sticky":false,"template":"","format":"standard","meta":{"footnotes":""},"categories":[10],"tags":[],"class_list":["post-1311","post","type-post","status-publish","format-standard","hentry","category-economia"],"_links":{"self":[{"href":"https:\/\/www.santiagocasas.es\/index.php\/wp-json\/wp\/v2\/posts\/1311","targetHints":{"allow":["GET"]}}],"collection":[{"href":"https:\/\/www.santiagocasas.es\/index.php\/wp-json\/wp\/v2\/posts"}],"about":[{"href":"https:\/\/www.santiagocasas.es\/index.php\/wp-json\/wp\/v2\/types\/post"}],"author":[{"embeddable":true,"href":"https:\/\/www.santiagocasas.es\/index.php\/wp-json\/wp\/v2\/users\/3"}],"replies":[{"embeddable":true,"href":"https:\/\/www.santiagocasas.es\/index.php\/wp-json\/wp\/v2\/comments?post=1311"}],"version-history":[{"count":0,"href":"https:\/\/www.santiagocasas.es\/index.php\/wp-json\/wp\/v2\/posts\/1311\/revisions"}],"wp:attachment":[{"href":"https:\/\/www.santiagocasas.es\/index.php\/wp-json\/wp\/v2\/media?parent=1311"}],"wp:term":[{"taxonomy":"category","embeddable":true,"href":"https:\/\/www.santiagocasas.es\/index.php\/wp-json\/wp\/v2\/categories?post=1311"},{"taxonomy":"post_tag","embeddable":true,"href":"https:\/\/www.santiagocasas.es\/index.php\/wp-json\/wp\/v2\/tags?post=1311"}],"curies":[{"name":"wp","href":"https:\/\/api.w.org\/{rel}","templated":true}]}}