{"id":1405,"date":"2017-03-16T18:07:50","date_gmt":"2017-03-16T17:07:50","guid":{"rendered":"http:\/\/www.santiagocasas.es\/index.php\/2017\/03\/16\/vodafone-firma-la-paz-con-telefonica-y-accedera-a-su-red-de-fibra\/"},"modified":"2017-03-16T18:07:50","modified_gmt":"2017-03-16T17:07:50","slug":"vodafone-firma-la-paz-con-telefonica-y-accedera-a-su-red-de-fibra","status":"publish","type":"post","link":"https:\/\/www.santiagocasas.es\/index.php\/2017\/03\/16\/vodafone-firma-la-paz-con-telefonica-y-accedera-a-su-red-de-fibra\/","title":{"rendered":"Vodafone firma la paz con Telef\u00f3nica y acceder\u00e1 a su red de fibra"},"content":{"rendered":"<p>Vodafone firma la paz con Telef\u00f3nica y acceder\u00e1 a su red de fibra <a href=\"http:\/\/economia.elpais.com\/economia\/2017\/03\/16\/actualidad\/1489659457_649835.html?id_externo_rsoc=TW_CC\">http:\/\/economia.elpais.com\/economia\/2017\/03\/16\/actualidad\/1489659457_649835.html?id_externo_rsoc=TW_CC<\/a> v\u00eda @el_pais<\/p>\n","protected":false},"excerpt":{"rendered":"<p>Vodafone firma la paz con Telef\u00f3nica y acceder\u00e1 a su red de fibra http:\/\/economia.elpais.com\/economia\/2017\/03\/16\/actualidad\/1489659457_649835.html?id_externo_rsoc=TW_CC v\u00eda @el_pais<\/p>\n","protected":false},"author":3,"featured_media":0,"comment_status":"closed","ping_status":"closed","sticky":false,"template":"","format":"standard","meta":{"footnotes":""},"categories":[1],"tags":[],"class_list":["post-1405","post","type-post","status-publish","format-standard","hentry","category-sin-categoria"],"_links":{"self":[{"href":"https:\/\/www.santiagocasas.es\/index.php\/wp-json\/wp\/v2\/posts\/1405","targetHints":{"allow":["GET"]}}],"collection":[{"href":"https:\/\/www.santiagocasas.es\/index.php\/wp-json\/wp\/v2\/posts"}],"about":[{"href":"https:\/\/www.santiagocasas.es\/index.php\/wp-json\/wp\/v2\/types\/post"}],"author":[{"embeddable":true,"href":"https:\/\/www.santiagocasas.es\/index.php\/wp-json\/wp\/v2\/users\/3"}],"replies":[{"embeddable":true,"href":"https:\/\/www.santiagocasas.es\/index.php\/wp-json\/wp\/v2\/comments?post=1405"}],"version-history":[{"count":0,"href":"https:\/\/www.santiagocasas.es\/index.php\/wp-json\/wp\/v2\/posts\/1405\/revisions"}],"wp:attachment":[{"href":"https:\/\/www.santiagocasas.es\/index.php\/wp-json\/wp\/v2\/media?parent=1405"}],"wp:term":[{"taxonomy":"category","embeddable":true,"href":"https:\/\/www.santiagocasas.es\/index.php\/wp-json\/wp\/v2\/categories?post=1405"},{"taxonomy":"post_tag","embeddable":true,"href":"https:\/\/www.santiagocasas.es\/index.php\/wp-json\/wp\/v2\/tags?post=1405"}],"curies":[{"name":"wp","href":"https:\/\/api.w.org\/{rel}","templated":true}]}}