{"id":1420,"date":"2017-03-30T21:44:07","date_gmt":"2017-03-30T19:44:07","guid":{"rendered":"http:\/\/www.santiagocasas.es\/index.php\/2017\/03\/30\/la-unica-espanola-que-entra-en-el-top-100-de-los-jovenes-lideres-mundiales\/"},"modified":"2017-03-30T21:44:07","modified_gmt":"2017-03-30T19:44:07","slug":"la-unica-espanola-que-entra-en-el-top-100-de-los-jovenes-lideres-mundiales","status":"publish","type":"post","link":"https:\/\/www.santiagocasas.es\/index.php\/2017\/03\/30\/la-unica-espanola-que-entra-en-el-top-100-de-los-jovenes-lideres-mundiales\/","title":{"rendered":"La \u00fanica espa\u00f1ola que entra en el \u2018top 100\u2019 de los j\u00f3venes l\u00edderes mundiales"},"content":{"rendered":"<p>La \u00fanica espa\u00f1ola que entra en el \u2018top 100\u2019 de los j\u00f3venes l\u00edderes mundiales <a href=\"http:\/\/elpais.com\/elpais\/2017\/03\/30\/talento_digital\/1490871985_041602.html?id_externo_rsoc=TW_CC\">http:\/\/elpais.com\/elpais\/2017\/03\/30\/talento_digital\/1490871985_041602.html?id_externo_rsoc=TW_CC<\/a> v\u00eda @el_pais<\/p>\n","protected":false},"excerpt":{"rendered":"<p>La \u00fanica espa\u00f1ola que entra en el \u2018top 100\u2019 de los j\u00f3venes l\u00edderes mundiales http:\/\/elpais.com\/elpais\/2017\/03\/30\/talento_digital\/1490871985_041602.html?id_externo_rsoc=TW_CC v\u00eda @el_pais<\/p>\n","protected":false},"author":3,"featured_media":0,"comment_status":"closed","ping_status":"closed","sticky":false,"template":"","format":"standard","meta":{"footnotes":""},"categories":[1],"tags":[],"class_list":["post-1420","post","type-post","status-publish","format-standard","hentry","category-sin-categoria"],"_links":{"self":[{"href":"https:\/\/www.santiagocasas.es\/index.php\/wp-json\/wp\/v2\/posts\/1420","targetHints":{"allow":["GET"]}}],"collection":[{"href":"https:\/\/www.santiagocasas.es\/index.php\/wp-json\/wp\/v2\/posts"}],"about":[{"href":"https:\/\/www.santiagocasas.es\/index.php\/wp-json\/wp\/v2\/types\/post"}],"author":[{"embeddable":true,"href":"https:\/\/www.santiagocasas.es\/index.php\/wp-json\/wp\/v2\/users\/3"}],"replies":[{"embeddable":true,"href":"https:\/\/www.santiagocasas.es\/index.php\/wp-json\/wp\/v2\/comments?post=1420"}],"version-history":[{"count":0,"href":"https:\/\/www.santiagocasas.es\/index.php\/wp-json\/wp\/v2\/posts\/1420\/revisions"}],"wp:attachment":[{"href":"https:\/\/www.santiagocasas.es\/index.php\/wp-json\/wp\/v2\/media?parent=1420"}],"wp:term":[{"taxonomy":"category","embeddable":true,"href":"https:\/\/www.santiagocasas.es\/index.php\/wp-json\/wp\/v2\/categories?post=1420"},{"taxonomy":"post_tag","embeddable":true,"href":"https:\/\/www.santiagocasas.es\/index.php\/wp-json\/wp\/v2\/tags?post=1420"}],"curies":[{"name":"wp","href":"https:\/\/api.w.org\/{rel}","templated":true}]}}