{"id":1570,"date":"2017-04-26T18:17:25","date_gmt":"2017-04-26T16:17:25","guid":{"rendered":"http:\/\/www.santiagocasas.es\/?p=1570"},"modified":"2017-04-26T18:17:25","modified_gmt":"2017-04-26T16:17:25","slug":"el-ingeniero-espanol-que-diseno-la-senal-que-hara-funcionar-al-gps-europeo","status":"publish","type":"post","link":"https:\/\/www.santiagocasas.es\/index.php\/2017\/04\/26\/el-ingeniero-espanol-que-diseno-la-senal-que-hara-funcionar-al-gps-europeo\/","title":{"rendered":"El ingeniero espa\u00f1ol que dise\u00f1\u00f3 la se\u00f1al que har\u00e1 funcionar al GPS europeo"},"content":{"rendered":"<p><a href=\"https:\/\/www.santiagocasas.es\/wp-content\/uploads\/2017\/04\/51969269C71B4C7CBB9CB8031E18B0F5.png\" rel=\"attachment wp-att-1571\"><img fetchpriority=\"high\" decoding=\"async\" src=\"https:\/\/www.santiagocasas.es\/wp-content\/uploads\/2017\/04\/51969269C71B4C7CBB9CB8031E18B0F5.png\" alt=\"\" title=\"51969269c71b4c7cbb9cb8031e18b0f5-png\" width=\"1024\" height=\"1024\" class=\"alignnone size-full wp-image-1571\" \/><\/a><\/p>\n<p>El ingeniero espa\u00f1ol que dise\u00f1\u00f3 la se\u00f1al que har\u00e1 funcionar al GPS europeo <a href=\"http:\/\/tecnologia.elpais.com\/tecnologia\/2017\/04\/25\/actualidad\/1493121149_966792.html?id_externo_rsoc=TW_CC\">http:\/\/tecnologia.elpais.com\/tecnologia\/2017\/04\/25\/actualidad\/1493121149_966792.html?id_externo_rsoc=TW_CC<\/a> v\u00eda @el_pais<\/p>\n","protected":false},"excerpt":{"rendered":"<p>El ingeniero espa\u00f1ol que dise\u00f1\u00f3 la se\u00f1al que har\u00e1 funcionar al GPS europeo http:\/\/tecnologia.elpais.com\/tecnologia\/2017\/04\/25\/actualidad\/1493121149_966792.html?id_externo_rsoc=TW_CC v\u00eda @el_pais<\/p>\n","protected":false},"author":3,"featured_media":0,"comment_status":"closed","ping_status":"closed","sticky":false,"template":"","format":"standard","meta":{"footnotes":""},"categories":[1],"tags":[],"class_list":["post-1570","post","type-post","status-publish","format-standard","hentry","category-sin-categoria"],"_links":{"self":[{"href":"https:\/\/www.santiagocasas.es\/index.php\/wp-json\/wp\/v2\/posts\/1570","targetHints":{"allow":["GET"]}}],"collection":[{"href":"https:\/\/www.santiagocasas.es\/index.php\/wp-json\/wp\/v2\/posts"}],"about":[{"href":"https:\/\/www.santiagocasas.es\/index.php\/wp-json\/wp\/v2\/types\/post"}],"author":[{"embeddable":true,"href":"https:\/\/www.santiagocasas.es\/index.php\/wp-json\/wp\/v2\/users\/3"}],"replies":[{"embeddable":true,"href":"https:\/\/www.santiagocasas.es\/index.php\/wp-json\/wp\/v2\/comments?post=1570"}],"version-history":[{"count":1,"href":"https:\/\/www.santiagocasas.es\/index.php\/wp-json\/wp\/v2\/posts\/1570\/revisions"}],"predecessor-version":[{"id":1572,"href":"https:\/\/www.santiagocasas.es\/index.php\/wp-json\/wp\/v2\/posts\/1570\/revisions\/1572"}],"wp:attachment":[{"href":"https:\/\/www.santiagocasas.es\/index.php\/wp-json\/wp\/v2\/media?parent=1570"}],"wp:term":[{"taxonomy":"category","embeddable":true,"href":"https:\/\/www.santiagocasas.es\/index.php\/wp-json\/wp\/v2\/categories?post=1570"},{"taxonomy":"post_tag","embeddable":true,"href":"https:\/\/www.santiagocasas.es\/index.php\/wp-json\/wp\/v2\/tags?post=1570"}],"curies":[{"name":"wp","href":"https:\/\/api.w.org\/{rel}","templated":true}]}}