{"id":183,"date":"2016-08-20T13:59:37","date_gmt":"2016-08-20T11:59:37","guid":{"rendered":"http:\/\/www.santiagocasas.es\/index.php\/2016\/08\/20\/espana-logra-su-record-de-exportacion-en-medio-del-frenazo-del-comercio-global-economi-a-el-pais\/"},"modified":"2016-09-08T00:09:58","modified_gmt":"2016-09-07T22:09:58","slug":"espana-logra-su-record-de-exportacion-en-medio-del-frenazo-del-comercio-global-economi-a-el-pais","status":"publish","type":"post","link":"https:\/\/www.santiagocasas.es\/index.php\/2016\/08\/20\/espana-logra-su-record-de-exportacion-en-medio-del-frenazo-del-comercio-global-economi-a-el-pais\/","title":{"rendered":"Espa\u00f1a logra su r\u00e9cord de exportaci\u00f3n en medio del frenazo del comercio global | Econom\u00ed a | EL PA\u00cdS"},"content":{"rendered":"<p><a href=\"http:\/\/economia.elpais.com\/economia\/2016\/08\/19\/actualidad\/1471634845_918695.html\">http:\/\/economia.elpais.com\/economia\/2016\/08\/19\/actualidad\/1471634845_918695.html<\/a><\/p>\n","protected":false},"excerpt":{"rendered":"<p>http:\/\/economia.elpais.com\/economia\/2016\/08\/19\/actualidad\/1471634845_918695.html<\/p>\n","protected":false},"author":3,"featured_media":0,"comment_status":"open","ping_status":"open","sticky":false,"template":"","format":"standard","meta":{"footnotes":""},"categories":[10],"tags":[],"class_list":["post-183","post","type-post","status-publish","format-standard","hentry","category-economia"],"_links":{"self":[{"href":"https:\/\/www.santiagocasas.es\/index.php\/wp-json\/wp\/v2\/posts\/183","targetHints":{"allow":["GET"]}}],"collection":[{"href":"https:\/\/www.santiagocasas.es\/index.php\/wp-json\/wp\/v2\/posts"}],"about":[{"href":"https:\/\/www.santiagocasas.es\/index.php\/wp-json\/wp\/v2\/types\/post"}],"author":[{"embeddable":true,"href":"https:\/\/www.santiagocasas.es\/index.php\/wp-json\/wp\/v2\/users\/3"}],"replies":[{"embeddable":true,"href":"https:\/\/www.santiagocasas.es\/index.php\/wp-json\/wp\/v2\/comments?post=183"}],"version-history":[{"count":1,"href":"https:\/\/www.santiagocasas.es\/index.php\/wp-json\/wp\/v2\/posts\/183\/revisions"}],"predecessor-version":[{"id":395,"href":"https:\/\/www.santiagocasas.es\/index.php\/wp-json\/wp\/v2\/posts\/183\/revisions\/395"}],"wp:attachment":[{"href":"https:\/\/www.santiagocasas.es\/index.php\/wp-json\/wp\/v2\/media?parent=183"}],"wp:term":[{"taxonomy":"category","embeddable":true,"href":"https:\/\/www.santiagocasas.es\/index.php\/wp-json\/wp\/v2\/categories?post=183"},{"taxonomy":"post_tag","embeddable":true,"href":"https:\/\/www.santiagocasas.es\/index.php\/wp-json\/wp\/v2\/tags?post=183"}],"curies":[{"name":"wp","href":"https:\/\/api.w.org\/{rel}","templated":true}]}}