{"id":1864,"date":"2017-07-26T19:32:41","date_gmt":"2017-07-26T17:32:41","guid":{"rendered":"http:\/\/www.santiagocasas.es\/index.php\/2017\/07\/26\/angel-vila-nuevo-consejero-delegado-para-la-telefonica-de-la-era-pallete\/"},"modified":"2017-07-26T19:32:41","modified_gmt":"2017-07-26T17:32:41","slug":"angel-vila-nuevo-consejero-delegado-para-la-telefonica-de-la-era-pallete","status":"publish","type":"post","link":"https:\/\/www.santiagocasas.es\/index.php\/2017\/07\/26\/angel-vila-nuevo-consejero-delegado-para-la-telefonica-de-la-era-pallete\/","title":{"rendered":"\u00c1ngel Vil\u00e1, nuevo consejero delegado para la Telef\u00f3nica de la \u2018era Pallete\u2019"},"content":{"rendered":"<p>Foto\/pixabay<\/p>\n<p><img decoding=\"async\" src=\"https:\/\/cdn.pixabay.com\/photo\/2015\/01\/02\/00\/01\/telephone-586268_960_720.jpg\" alt=\"telephone-586268_960_720.jpg\" \/><\/p>\n<p>\u00c1ngel Vil\u00e1, nuevo consejero delegado para la Telef\u00f3nica de la \u2018era Pallete\u2019 <a href=\"http:\/\/www.ticbeat.com\/empresa-b2b\/angel-vila-nuevo-consejero-delegado-para-la-telefonica-de-la-era-pallete\/\">http:\/\/www.ticbeat.com\/empresa-b2b\/angel-vila-nuevo-consejero-delegado-para-la-telefonica-de-la-era-pallete\/<\/a><\/p>\n","protected":false},"excerpt":{"rendered":"<p>Foto\/pixabay \u00c1ngel Vil\u00e1, nuevo consejero delegado para la Telef\u00f3nica de la \u2018era Pallete\u2019 http:\/\/www.ticbeat.com\/empresa-b2b\/angel-vila-nuevo-consejero-delegado-para-la-telefonica-de-la-era-pallete\/<\/p>\n","protected":false},"author":3,"featured_media":0,"comment_status":"closed","ping_status":"closed","sticky":false,"template":"","format":"standard","meta":{"footnotes":""},"categories":[1],"tags":[],"class_list":["post-1864","post","type-post","status-publish","format-standard","hentry","category-sin-categoria"],"_links":{"self":[{"href":"https:\/\/www.santiagocasas.es\/index.php\/wp-json\/wp\/v2\/posts\/1864","targetHints":{"allow":["GET"]}}],"collection":[{"href":"https:\/\/www.santiagocasas.es\/index.php\/wp-json\/wp\/v2\/posts"}],"about":[{"href":"https:\/\/www.santiagocasas.es\/index.php\/wp-json\/wp\/v2\/types\/post"}],"author":[{"embeddable":true,"href":"https:\/\/www.santiagocasas.es\/index.php\/wp-json\/wp\/v2\/users\/3"}],"replies":[{"embeddable":true,"href":"https:\/\/www.santiagocasas.es\/index.php\/wp-json\/wp\/v2\/comments?post=1864"}],"version-history":[{"count":0,"href":"https:\/\/www.santiagocasas.es\/index.php\/wp-json\/wp\/v2\/posts\/1864\/revisions"}],"wp:attachment":[{"href":"https:\/\/www.santiagocasas.es\/index.php\/wp-json\/wp\/v2\/media?parent=1864"}],"wp:term":[{"taxonomy":"category","embeddable":true,"href":"https:\/\/www.santiagocasas.es\/index.php\/wp-json\/wp\/v2\/categories?post=1864"},{"taxonomy":"post_tag","embeddable":true,"href":"https:\/\/www.santiagocasas.es\/index.php\/wp-json\/wp\/v2\/tags?post=1864"}],"curies":[{"name":"wp","href":"https:\/\/api.w.org\/{rel}","templated":true}]}}