{"id":1967,"date":"2017-08-22T18:40:21","date_gmt":"2017-08-22T16:40:21","guid":{"rendered":"http:\/\/www.santiagocasas.es\/index.php\/2017\/08\/22\/la-brecha-tecnologica-es-tambien-un-tema-de-genero\/"},"modified":"2017-08-22T18:40:21","modified_gmt":"2017-08-22T16:40:21","slug":"la-brecha-tecnologica-es-tambien-un-tema-de-genero","status":"publish","type":"post","link":"https:\/\/www.santiagocasas.es\/index.php\/2017\/08\/22\/la-brecha-tecnologica-es-tambien-un-tema-de-genero\/","title":{"rendered":"La brecha tecnol\u00f3gica es tambi\u00e9n un tema de g\u00e9nero"},"content":{"rendered":"<p>La brecha tecnol\u00f3gica es tambi\u00e9n un tema de g\u00e9nero <a href=\"https:\/\/www.forbes.com.mx\/?p=388405\"> https:\/\/www.forbes.com.mx\/?p=388405<\/a><\/p>\n<p>Foto.pixabay<\/p>\n<p><img decoding=\"async\" src=\"https:\/\/cdn.pixabay.com\/photo\/2017\/08\/15\/02\/44\/break-2642605_1280.jpg\" alt=\"break-2642605_1280.jpg\" \/><\/p>\n","protected":false},"excerpt":{"rendered":"<p>La brecha tecnol\u00f3gica es tambi\u00e9n un tema de g\u00e9nero https:\/\/www.forbes.com.mx\/?p=388405 Foto.pixabay<\/p>\n","protected":false},"author":3,"featured_media":0,"comment_status":"closed","ping_status":"closed","sticky":false,"template":"","format":"standard","meta":{"footnotes":""},"categories":[1],"tags":[],"class_list":["post-1967","post","type-post","status-publish","format-standard","hentry","category-sin-categoria"],"_links":{"self":[{"href":"https:\/\/www.santiagocasas.es\/index.php\/wp-json\/wp\/v2\/posts\/1967","targetHints":{"allow":["GET"]}}],"collection":[{"href":"https:\/\/www.santiagocasas.es\/index.php\/wp-json\/wp\/v2\/posts"}],"about":[{"href":"https:\/\/www.santiagocasas.es\/index.php\/wp-json\/wp\/v2\/types\/post"}],"author":[{"embeddable":true,"href":"https:\/\/www.santiagocasas.es\/index.php\/wp-json\/wp\/v2\/users\/3"}],"replies":[{"embeddable":true,"href":"https:\/\/www.santiagocasas.es\/index.php\/wp-json\/wp\/v2\/comments?post=1967"}],"version-history":[{"count":0,"href":"https:\/\/www.santiagocasas.es\/index.php\/wp-json\/wp\/v2\/posts\/1967\/revisions"}],"wp:attachment":[{"href":"https:\/\/www.santiagocasas.es\/index.php\/wp-json\/wp\/v2\/media?parent=1967"}],"wp:term":[{"taxonomy":"category","embeddable":true,"href":"https:\/\/www.santiagocasas.es\/index.php\/wp-json\/wp\/v2\/categories?post=1967"},{"taxonomy":"post_tag","embeddable":true,"href":"https:\/\/www.santiagocasas.es\/index.php\/wp-json\/wp\/v2\/tags?post=1967"}],"curies":[{"name":"wp","href":"https:\/\/api.w.org\/{rel}","templated":true}]}}