{"id":2017,"date":"2017-09-06T14:35:07","date_gmt":"2017-09-06T12:35:07","guid":{"rendered":"http:\/\/www.santiagocasas.es\/index.php\/2017\/09\/06\/evan-blass-confirma-de-nuevo-el-nombre-del-proximo-iphone-8\/"},"modified":"2017-09-06T14:35:07","modified_gmt":"2017-09-06T12:35:07","slug":"evan-blass-confirma-de-nuevo-el-nombre-del-proximo-iphone-8","status":"publish","type":"post","link":"https:\/\/www.santiagocasas.es\/index.php\/2017\/09\/06\/evan-blass-confirma-de-nuevo-el-nombre-del-proximo-iphone-8\/","title":{"rendered":"Evan Blass confirma (de nuevo) el nombre del pr\u00f3ximo iPhone 8"},"content":{"rendered":"<p>Evan Blass confirma (de nuevo) el nombre del pr\u00f3ximo iPhone 8 <a href=\"https:\/\/shar.es\/1SQ01d\">https:\/\/shar.es\/1SQ01d<\/a> v\u00eda @movilzona<\/p>\n<table cellspacing=\"0\">\n<tbody>\n<tr valign=\"top\">\n<td colspan=\"1\"><a href=\"https:\/\/shar.es\/1SQ01d\"><img decoding=\"async\" width=\"250\" height=\"130\" src=\"https:\/\/www.movilzona.es\/app\/uploads\/2017\/08\/c3de3255639235.598c9418c8813.png\" alt=\"c3de3255639235.598c9418c8813.png\" \/><\/a><\/td>\n<td colspan=\"2\"><a href=\"https:\/\/shar.es\/1SQ01d\">Evan Blass confirma (de nuevo) el nombre del pr\u00f3ximo iPhone 8<\/a><br \/>\nshar.es<br \/>\nEl famoso leakster echa m\u00e1s le\u00f1a al fuego del nombre del futuro iPhone 8 de Apple gracias a distribuidores de fundas y carcasas.<\/td>\n<\/tr>\n<\/tbody>\n<\/table>\n<p><img decoding=\"async\" alt=\"\" src=\"https:\/\/external.xx.fbcdn.net\/safe_image.php?d=AQC5bQhOrGB1TXF5&amp;w=720&amp;h=720&amp;url=https%3A%2F%2Fwww.movilzona.es%2Fapp%2Fuploads%2F2017%2F08%2Fc3de3255639235.598c9418c8813.png&amp;cfs=1&amp;_nc_hash=AQC23l9q1yafziz4\" \/><\/p>\n<p><a href=\"https:\/\/l.facebook.com\/l.php?u=https%3A%2F%2Fshar.es%2F1SQ01d&amp;h=ATMkYUQPE0sNBKL0gF8dwDtFfk7Ln1eKRQZU0R7HjOdCjsrvnTG-2rwCKjfM7c-FnN1pjEbnzuRfnDjfL1Ys0dkG_xvgdDLKi90HSw4S9s3i&amp;s=1&amp;enc=AZPEGP2DlMKZaWqjxhhl7No8fWe66jUerGa3tblNTz4NUxnFjGPfFy-Oq7suX1Q62rD7aSjAuZHleUaV5c7QOQW_rqxBy1z9bEClRU8nknAgNA\">Evan Blass confirma (de nuevo) el nombre del pr\u00f3ximo iPhone 8<\/a> shar.es<\/p>\n","protected":false},"excerpt":{"rendered":"<p>Evan Blass confirma (de nuevo) el nombre del pr\u00f3ximo iPhone 8 https:\/\/shar.es\/1SQ01d v\u00eda @movilzona Evan Blass confirma (de nuevo) el nombre del pr\u00f3ximo iPhone 8 shar.es El famoso leakster echa m\u00e1s le\u00f1a al fuego del nombre del futuro iPhone 8 de Apple gracias a distribuidores de fundas y carcasas. Evan Blass confirma (de nuevo) el&hellip;<a href=\"https:\/\/www.santiagocasas.es\/index.php\/2017\/09\/06\/evan-blass-confirma-de-nuevo-el-nombre-del-proximo-iphone-8\/\" class=\"more-link\">Contin\u00faa leyendo <span class=\"screen-reader-text\">Evan Blass confirma (de nuevo) el nombre del pr\u00f3ximo iPhone 8<\/span><\/a><\/p>\n","protected":false},"author":3,"featured_media":0,"comment_status":"closed","ping_status":"closed","sticky":false,"template":"","format":"standard","meta":{"footnotes":""},"categories":[1],"tags":[],"class_list":["post-2017","post","type-post","status-publish","format-standard","hentry","category-sin-categoria"],"_links":{"self":[{"href":"https:\/\/www.santiagocasas.es\/index.php\/wp-json\/wp\/v2\/posts\/2017","targetHints":{"allow":["GET"]}}],"collection":[{"href":"https:\/\/www.santiagocasas.es\/index.php\/wp-json\/wp\/v2\/posts"}],"about":[{"href":"https:\/\/www.santiagocasas.es\/index.php\/wp-json\/wp\/v2\/types\/post"}],"author":[{"embeddable":true,"href":"https:\/\/www.santiagocasas.es\/index.php\/wp-json\/wp\/v2\/users\/3"}],"replies":[{"embeddable":true,"href":"https:\/\/www.santiagocasas.es\/index.php\/wp-json\/wp\/v2\/comments?post=2017"}],"version-history":[{"count":0,"href":"https:\/\/www.santiagocasas.es\/index.php\/wp-json\/wp\/v2\/posts\/2017\/revisions"}],"wp:attachment":[{"href":"https:\/\/www.santiagocasas.es\/index.php\/wp-json\/wp\/v2\/media?parent=2017"}],"wp:term":[{"taxonomy":"category","embeddable":true,"href":"https:\/\/www.santiagocasas.es\/index.php\/wp-json\/wp\/v2\/categories?post=2017"},{"taxonomy":"post_tag","embeddable":true,"href":"https:\/\/www.santiagocasas.es\/index.php\/wp-json\/wp\/v2\/tags?post=2017"}],"curies":[{"name":"wp","href":"https:\/\/api.w.org\/{rel}","templated":true}]}}