{"id":2024,"date":"2017-09-06T17:49:22","date_gmt":"2017-09-06T15:49:22","guid":{"rendered":"http:\/\/www.santiagocasas.es\/index.php\/2017\/09\/06\/asi-es-la-camara-del-lg-v30-primeras-pruebas-e-impresiones-2\/"},"modified":"2018-08-14T23:38:53","modified_gmt":"2018-08-14T21:38:53","slug":"asi-es-la-camara-del-lg-v30-primeras-pruebas-e-impresiones-2","status":"publish","type":"post","link":"https:\/\/www.santiagocasas.es\/index.php\/2017\/09\/06\/asi-es-la-camara-del-lg-v30-primeras-pruebas-e-impresiones-2\/","title":{"rendered":"As\u00ed es la c\u00e1mara del LG V30: primeras pruebas e impresiones"},"content":{"rendered":"<p>As\u00ed es la c\u00e1mara del LG V30: primeras pruebas e impresiones <a href=\"http:\/\/computerhoy.com\/noticias\/moviles\/asi-es-camara-del-lg-v30-primeras-pruebas-e-impresiones-67383\">http:\/\/computerhoy.com\/noticias\/moviles\/asi-es-camara-del-lg-v30-primeras-pruebas-e-impresiones-67383<\/a><\/p>\n<table cellspacing=\"0\">\n<tbody>\n<tr valign=\"top\">\n<td colspan=\"1\"><a href=\"http:\/\/computerhoy.com\/noticias\/moviles\/asi-es-camara-del-lg-v30-primeras-pruebas-e-impresiones-67383\"><\/a><\/td>\n<td colspan=\"2\"><a href=\"http:\/\/computerhoy.com\/noticias\/moviles\/asi-es-camara-del-lg-v30-primeras-pruebas-e-impresiones-67383\">As\u00ed es la c\u00e1mara del LG V30: primeras pruebas e &#8230;<\/a><br \/>\ncomputerhoy.com<br \/>\nPrimer an\u00e1lisis de la c\u00e1mara del LG V30: probamos el m\u00f3vil durante un par de horas y lo sometemos a una bater\u00eda de fotos para ver su verdadero potencial.<\/td>\n<\/tr>\n<\/tbody>\n<\/table>\n<p><a>Read More<\/a><\/p>\n<p><img decoding=\"async\" alt=\"\" src=\"https:\/\/external.xx.fbcdn.net\/safe_image.php?d=AQBHZFCTjLeOjibs&amp;w=720&amp;h=720&amp;url=http%3A%2F%2Fcdn3.computerhoy.com%2Fsites%2Fcomputerhoy.com%2Ffiles%2Fnovedades%2Fcamara-lg-v30.jpg&amp;cfs=1&amp;_nc_hash=AQCuT-nE7I_lGH3P\" \/><\/p>\n<p><a href=\"https:\/\/l.facebook.com\/l.php?u=http%3A%2F%2Fcomputerhoy.com%2Fnoticias%2Fmoviles%2Fasi-es-camara-del-lg-v30-primeras-pruebas-e-impresiones-67383&amp;h=ATMN5VBbgoN3G95JX9xZnKp0RdSFg1VQI5zOhPVJthYMPI3svZkJ0IKhsNqSMcRhSy2EhKQSL0QVTiFtZ44hndK5Gf7RHVP2K4THU-jBCbpv&amp;s=1&amp;enc=AZM8Q54QLJfClWczhxWx2YMwOZ5IhnmhsvLXmtiHUBWttUSYuunK2fh_NDU8_x9KhVy_nzdRMmtxjZFLK86GHRz-gZbKWnuFY583BMVXQ--Heg\">As\u00ed es la c\u00e1mara del LG V30: primeras pruebas e impresiones<\/a><\/p>\n","protected":false},"excerpt":{"rendered":"<p>As\u00ed es la c\u00e1mara del LG V30: primeras pruebas e impresiones http:\/\/computerhoy.com\/noticias\/moviles\/asi-es-camara-del-lg-v30-primeras-pruebas-e-impresiones-67383 As\u00ed es la c\u00e1mara del LG V30: primeras pruebas e &#8230; computerhoy.com Primer an\u00e1lisis de la c\u00e1mara del LG V30: probamos el m\u00f3vil durante un par de horas y lo sometemos a una bater\u00eda de fotos para ver su verdadero potencial. Read More&hellip;<a href=\"https:\/\/www.santiagocasas.es\/index.php\/2017\/09\/06\/asi-es-la-camara-del-lg-v30-primeras-pruebas-e-impresiones-2\/\" class=\"more-link\">Contin\u00faa leyendo <span class=\"screen-reader-text\">As\u00ed es la c\u00e1mara del LG V30: primeras pruebas e impresiones<\/span><\/a><\/p>\n","protected":false},"author":3,"featured_media":0,"comment_status":"closed","ping_status":"closed","sticky":false,"template":"","format":"standard","meta":{"footnotes":""},"categories":[1],"tags":[],"class_list":["post-2024","post","type-post","status-publish","format-standard","hentry","category-sin-categoria"],"_links":{"self":[{"href":"https:\/\/www.santiagocasas.es\/index.php\/wp-json\/wp\/v2\/posts\/2024","targetHints":{"allow":["GET"]}}],"collection":[{"href":"https:\/\/www.santiagocasas.es\/index.php\/wp-json\/wp\/v2\/posts"}],"about":[{"href":"https:\/\/www.santiagocasas.es\/index.php\/wp-json\/wp\/v2\/types\/post"}],"author":[{"embeddable":true,"href":"https:\/\/www.santiagocasas.es\/index.php\/wp-json\/wp\/v2\/users\/3"}],"replies":[{"embeddable":true,"href":"https:\/\/www.santiagocasas.es\/index.php\/wp-json\/wp\/v2\/comments?post=2024"}],"version-history":[{"count":2,"href":"https:\/\/www.santiagocasas.es\/index.php\/wp-json\/wp\/v2\/posts\/2024\/revisions"}],"predecessor-version":[{"id":2594,"href":"https:\/\/www.santiagocasas.es\/index.php\/wp-json\/wp\/v2\/posts\/2024\/revisions\/2594"}],"wp:attachment":[{"href":"https:\/\/www.santiagocasas.es\/index.php\/wp-json\/wp\/v2\/media?parent=2024"}],"wp:term":[{"taxonomy":"category","embeddable":true,"href":"https:\/\/www.santiagocasas.es\/index.php\/wp-json\/wp\/v2\/categories?post=2024"},{"taxonomy":"post_tag","embeddable":true,"href":"https:\/\/www.santiagocasas.es\/index.php\/wp-json\/wp\/v2\/tags?post=2024"}],"curies":[{"name":"wp","href":"https:\/\/api.w.org\/{rel}","templated":true}]}}