{"id":2045,"date":"2017-09-11T17:13:15","date_gmt":"2017-09-11T15:13:15","guid":{"rendered":"http:\/\/www.santiagocasas.es\/index.php\/2017\/09\/11\/google-recurrira-ante-la-justicia-europea-la-multa-record-impuesta-por-bruselas\/"},"modified":"2017-09-11T17:13:15","modified_gmt":"2017-09-11T15:13:15","slug":"google-recurrira-ante-la-justicia-europea-la-multa-record-impuesta-por-bruselas","status":"publish","type":"post","link":"https:\/\/www.santiagocasas.es\/index.php\/2017\/09\/11\/google-recurrira-ante-la-justicia-europea-la-multa-record-impuesta-por-bruselas\/","title":{"rendered":"Google recurrir\u00e1 ante la justicia europea la multa r\u00e9cord impuesta por Bruselas"},"content":{"rendered":"<p>Google recurrir\u00e1 ante la justicia europea la multa r\u00e9cord impuesta por Bruselas <a href=\"https:\/\/economia.elpais.com\/economia\/2017\/09\/11\/actualidad\/1505135909_031264.html?id_externo_rsoc=TW_CC\">https:\/\/economia.elpais.com\/economia\/2017\/09\/11\/actualidad\/1505135909_031264.html?id_externo_rsoc=TW_CC<\/a> <a>Read More<\/a><\/p>\n<p><img decoding=\"async\" alt=\"\" src=\"https:\/\/external.xx.fbcdn.net\/safe_image.php?d=AQDzNcstkGarzTxm&amp;w=720&amp;h=720&amp;url=https%3A%2F%2Fep00.epimg.net%2Feconomia%2Fimagenes%2F2017%2F09%2F11%2Factualidad%2F1505135909_031264_1505136274_rrss_normal.jpg&amp;cfs=1&amp;_nc_hash=AQDmMEuSym3_249M\" \/><\/p>\n<p><a href=\"https:\/\/l.facebook.com\/l.php?u=https%3A%2F%2Feconomia.elpais.com%2Feconomia%2F2017%2F09%2F11%2Factualidad%2F1505135909_031264.html%3Fid_externo_rsoc%3DTW_CC&amp;h=ATOSE39jV3x2h1evl5gmgH-WPs8dCULslgAMmNj04x-OycTKMRSBmZV-zGxV7flJ7H49vJDiTZ3cbGmbLQ7okBi0KTvph4E8twX2W-K9tEjs&amp;s=1&amp;enc=AZOKFAJlSB2OUyJDLgSk5n5Vc7Q1ZTi9_mqwE9pAyJW9r_8k7A4wtqZND3_nkF0kVHj3RBjsIag81ST9F9tEqj34AxNomhLOhMDu2rKaYvvQGQ\">Mira este enlace<\/a>economia.elpais.com<\/p>\n","protected":false},"excerpt":{"rendered":"<p>Google recurrir\u00e1 ante la justicia europea la multa r\u00e9cord impuesta por Bruselas https:\/\/economia.elpais.com\/economia\/2017\/09\/11\/actualidad\/1505135909_031264.html?id_externo_rsoc=TW_CC Read More Mira este enlaceeconomia.elpais.com<\/p>\n","protected":false},"author":3,"featured_media":0,"comment_status":"closed","ping_status":"closed","sticky":false,"template":"","format":"standard","meta":{"footnotes":""},"categories":[1],"tags":[],"class_list":["post-2045","post","type-post","status-publish","format-standard","hentry","category-sin-categoria"],"_links":{"self":[{"href":"https:\/\/www.santiagocasas.es\/index.php\/wp-json\/wp\/v2\/posts\/2045","targetHints":{"allow":["GET"]}}],"collection":[{"href":"https:\/\/www.santiagocasas.es\/index.php\/wp-json\/wp\/v2\/posts"}],"about":[{"href":"https:\/\/www.santiagocasas.es\/index.php\/wp-json\/wp\/v2\/types\/post"}],"author":[{"embeddable":true,"href":"https:\/\/www.santiagocasas.es\/index.php\/wp-json\/wp\/v2\/users\/3"}],"replies":[{"embeddable":true,"href":"https:\/\/www.santiagocasas.es\/index.php\/wp-json\/wp\/v2\/comments?post=2045"}],"version-history":[{"count":0,"href":"https:\/\/www.santiagocasas.es\/index.php\/wp-json\/wp\/v2\/posts\/2045\/revisions"}],"wp:attachment":[{"href":"https:\/\/www.santiagocasas.es\/index.php\/wp-json\/wp\/v2\/media?parent=2045"}],"wp:term":[{"taxonomy":"category","embeddable":true,"href":"https:\/\/www.santiagocasas.es\/index.php\/wp-json\/wp\/v2\/categories?post=2045"},{"taxonomy":"post_tag","embeddable":true,"href":"https:\/\/www.santiagocasas.es\/index.php\/wp-json\/wp\/v2\/tags?post=2045"}],"curies":[{"name":"wp","href":"https:\/\/api.w.org\/{rel}","templated":true}]}}