{"id":2114,"date":"2017-09-29T23:53:03","date_gmt":"2017-09-29T21:53:03","guid":{"rendered":"http:\/\/www.santiagocasas.es\/index.php\/2017\/09\/29\/la-plaza-mayor-se-convierte-en-una-pradera-de-cesped-natural\/"},"modified":"2017-09-29T23:53:03","modified_gmt":"2017-09-29T21:53:03","slug":"la-plaza-mayor-se-convierte-en-una-pradera-de-cesped-natural","status":"publish","type":"post","link":"https:\/\/www.santiagocasas.es\/index.php\/2017\/09\/29\/la-plaza-mayor-se-convierte-en-una-pradera-de-cesped-natural\/","title":{"rendered":"La Plaza Mayor se convierte en una pradera de c\u00e9sped natural"},"content":{"rendered":"<p>La Plaza Mayor se convierte en una pradera de c\u00e9sped natural <a href=\"http:\/\/www.20minutos.es\/noticia\/3145702\/0\/plaza-mayor-se-convertira-pradera-cesped-natural-desde-jueves-hasta-domingo\/\">http:\/\/www.20minutos.es\/noticia\/3145702\/0\/plaza-mayor-se-convertira-pradera-cesped-natural-desde-jueves-hasta-domingo\/<\/a><\/p>\n<table cellspacing=\"0\">\n<tbody>\n<tr valign=\"top\">\n<td colspan=\"1\"><a href=\"http:\/\/www.20minutos.es\/noticia\/3145702\/0\/plaza-mayor-se-convertira-pradera-cesped-natural-desde-jueves-hasta-domingo\/\"><img decoding=\"async\" width=\"250\" height=\"113\" src=\"http:\/\/cdn.20m.es\/img2\/recortes\/2017\/09\/27\/549076-620-282.jpg?v=20170927122903\" alt=\"549076-620-282.jpg?v=20170927122903\" \/><\/a><\/td>\n<td colspan=\"2\"><a href=\"http:\/\/www.20minutos.es\/noticia\/3145702\/0\/plaza-mayor-se-convertira-pradera-cesped-natural-desde-jueves-hasta-domingo\/\">La Plaza Mayor se convertir\u00e1 en una pradera de c\u00e9sped &#8230;<\/a><br \/>\nwww.20minutos.es<br \/>\nEl artista madrile\u00f1o SpY realizar\u00e1 una intervenci\u00f3n en la Plaza Mayor que la convertir\u00e1 en una pradera de c\u00e9sped natural. Consistir\u00e1 en un c\u00edrculo de hierba de &#8230;<\/td>\n<\/tr>\n<\/tbody>\n<\/table>\n<p><a>Read More<\/a><\/p>\n<p><img decoding=\"async\" alt=\"\" src=\"https:\/\/external.xx.fbcdn.net\/safe_image.php?d=AQCpk2AiHj0O4wWD&amp;w=720&amp;h=720&amp;url=http%3A%2F%2Fcdn.20m.es%2Fimg2%2Frecortes%2F2017%2F09%2F28%2F550282-944-629.jpg&amp;cfs=1&amp;_nc_hash=AQBsJXQxJgoHvzXh\" \/><\/p>\n<p><a href=\"https:\/\/l.facebook.com\/l.php?u=http%3A%2F%2Fwww.20minutos.es%2Fnoticia%2F3145702%2F0%2Fplaza-mayor-se-convertira-pradera-cesped-natural-desde-jueves-hasta-domingo%2F&amp;h=ATOZny-5xs-HjFUdxOFVkuFCmBWZlMx1gb1UHl3ElL0uhMPhRZBbiq0bBnt_WCCpWEEngx3l7RUjSitMttbXtYv5p_2XLGw1RQU6DQwi_nUm&amp;s=1&amp;enc=AZNSCKQsVaePQ9Uky6LyDINbw6qwLjhkcPRhI95t7aY0UtwxJjhGBj5cbHt9KplYTDcSWEK06RgdknuBrCX8jbNmUnj0QH_37vkCQvZoIvUAjg\">La Plaza Mayor se convierte en una pradera de c\u00e9sped natural &#8211; 20minutos.es<\/a>www.20minutos.es<\/p>\n","protected":false},"excerpt":{"rendered":"<p>La Plaza Mayor se convierte en una pradera de c\u00e9sped natural http:\/\/www.20minutos.es\/noticia\/3145702\/0\/plaza-mayor-se-convertira-pradera-cesped-natural-desde-jueves-hasta-domingo\/ La Plaza Mayor se convertir\u00e1 en una pradera de c\u00e9sped &#8230; www.20minutos.es El artista madrile\u00f1o SpY realizar\u00e1 una intervenci\u00f3n en la Plaza Mayor que la convertir\u00e1 en una pradera de c\u00e9sped natural. Consistir\u00e1 en un c\u00edrculo de hierba de &#8230; Read More La&hellip;<a href=\"https:\/\/www.santiagocasas.es\/index.php\/2017\/09\/29\/la-plaza-mayor-se-convierte-en-una-pradera-de-cesped-natural\/\" class=\"more-link\">Contin\u00faa leyendo <span class=\"screen-reader-text\">La Plaza Mayor se convierte en una pradera de c\u00e9sped natural<\/span><\/a><\/p>\n","protected":false},"author":3,"featured_media":0,"comment_status":"closed","ping_status":"closed","sticky":false,"template":"","format":"standard","meta":{"footnotes":""},"categories":[1],"tags":[],"class_list":["post-2114","post","type-post","status-publish","format-standard","hentry","category-sin-categoria"],"_links":{"self":[{"href":"https:\/\/www.santiagocasas.es\/index.php\/wp-json\/wp\/v2\/posts\/2114","targetHints":{"allow":["GET"]}}],"collection":[{"href":"https:\/\/www.santiagocasas.es\/index.php\/wp-json\/wp\/v2\/posts"}],"about":[{"href":"https:\/\/www.santiagocasas.es\/index.php\/wp-json\/wp\/v2\/types\/post"}],"author":[{"embeddable":true,"href":"https:\/\/www.santiagocasas.es\/index.php\/wp-json\/wp\/v2\/users\/3"}],"replies":[{"embeddable":true,"href":"https:\/\/www.santiagocasas.es\/index.php\/wp-json\/wp\/v2\/comments?post=2114"}],"version-history":[{"count":0,"href":"https:\/\/www.santiagocasas.es\/index.php\/wp-json\/wp\/v2\/posts\/2114\/revisions"}],"wp:attachment":[{"href":"https:\/\/www.santiagocasas.es\/index.php\/wp-json\/wp\/v2\/media?parent=2114"}],"wp:term":[{"taxonomy":"category","embeddable":true,"href":"https:\/\/www.santiagocasas.es\/index.php\/wp-json\/wp\/v2\/categories?post=2114"},{"taxonomy":"post_tag","embeddable":true,"href":"https:\/\/www.santiagocasas.es\/index.php\/wp-json\/wp\/v2\/tags?post=2114"}],"curies":[{"name":"wp","href":"https:\/\/api.w.org\/{rel}","templated":true}]}}