{"id":2187,"date":"2017-11-05T16:56:01","date_gmt":"2017-11-05T15:56:01","guid":{"rendered":"http:\/\/www.santiagocasas.es\/index.php\/2017\/11\/05\/la-red-de-transporte-publico-al-completo-en-el-movil\/"},"modified":"2017-11-05T16:56:01","modified_gmt":"2017-11-05T15:56:01","slug":"la-red-de-transporte-publico-al-completo-en-el-movil","status":"publish","type":"post","link":"https:\/\/www.santiagocasas.es\/index.php\/2017\/11\/05\/la-red-de-transporte-publico-al-completo-en-el-movil\/","title":{"rendered":"La red de transporte p\u00fablico al completo en el m\u00f3vil"},"content":{"rendered":"<p>La red de transporte p\u00fablico al completo en el m\u00f3vil <a href=\"https:\/\/elpais.com\/ccaa\/2017\/11\/04\/madrid\/1509800617_689853.html?id_externo_rsoc=TW_CC\">https:\/\/elpais.com\/ccaa\/2017\/11\/04\/madrid\/1509800617_689853.html?id_externo_rsoc=TW_CC<\/a> v\u00eda&#8230; <a>Lee m\u00e1s<\/a><\/p>\n<p><img decoding=\"async\" alt=\"\" src=\"https:\/\/external.xx.fbcdn.net\/safe_image.php?d=AQD-Z5CVXFesT-Ej&amp;w=720&amp;h=720&amp;url=https%3A%2F%2Fep00.epimg.net%2Fccaa%2Fimagenes%2F2017%2F11%2F04%2Fmadrid%2F1509800617_689853_1509814128_rrss_normal.jpg&amp;cfs=1&amp;_nc_hash=AQAoSGg2rDQOzzh5\" \/><\/p>\n<p><a href=\"https:\/\/l.facebook.com\/l.php?u=https%3A%2F%2Felpais.com%2Fccaa%2F2017%2F11%2F04%2Fmadrid%2F1509800617_689853.html%3Fid_externo_rsoc%3DTW_CC&amp;h=ATOpcfxNR6Bi37Ahi_p_yiHVPCtgnLC9XuFCS_7sJpb8zqSPw8BO5RdhABbHuwHKkjY9nEZEwRb_rftbGHHJml8n2SM42U8Olk-_Gs18z3Zz&amp;s=1&amp;enc=AZNtIJiJVVt-VRAKjgYYIli_pK9pJnnvKaLHmzEJ4P_7oiZdcfbgWWjs0LM997-eFs_7tV79WmdPoCTwqwE89gW7HFOwPxDNS1gZcljeIw1DDw\">La red de transporte p\u00fablico al completo en el m\u00f3vil<\/a>elpais.com<\/p>\n","protected":false},"excerpt":{"rendered":"<p>La red de transporte p\u00fablico al completo en el m\u00f3vil https:\/\/elpais.com\/ccaa\/2017\/11\/04\/madrid\/1509800617_689853.html?id_externo_rsoc=TW_CC v\u00eda&#8230; Lee m\u00e1s La red de transporte p\u00fablico al completo en el m\u00f3vilelpais.com<\/p>\n","protected":false},"author":3,"featured_media":0,"comment_status":"closed","ping_status":"closed","sticky":false,"template":"","format":"standard","meta":{"footnotes":""},"categories":[1],"tags":[],"class_list":["post-2187","post","type-post","status-publish","format-standard","hentry","category-sin-categoria"],"_links":{"self":[{"href":"https:\/\/www.santiagocasas.es\/index.php\/wp-json\/wp\/v2\/posts\/2187","targetHints":{"allow":["GET"]}}],"collection":[{"href":"https:\/\/www.santiagocasas.es\/index.php\/wp-json\/wp\/v2\/posts"}],"about":[{"href":"https:\/\/www.santiagocasas.es\/index.php\/wp-json\/wp\/v2\/types\/post"}],"author":[{"embeddable":true,"href":"https:\/\/www.santiagocasas.es\/index.php\/wp-json\/wp\/v2\/users\/3"}],"replies":[{"embeddable":true,"href":"https:\/\/www.santiagocasas.es\/index.php\/wp-json\/wp\/v2\/comments?post=2187"}],"version-history":[{"count":0,"href":"https:\/\/www.santiagocasas.es\/index.php\/wp-json\/wp\/v2\/posts\/2187\/revisions"}],"wp:attachment":[{"href":"https:\/\/www.santiagocasas.es\/index.php\/wp-json\/wp\/v2\/media?parent=2187"}],"wp:term":[{"taxonomy":"category","embeddable":true,"href":"https:\/\/www.santiagocasas.es\/index.php\/wp-json\/wp\/v2\/categories?post=2187"},{"taxonomy":"post_tag","embeddable":true,"href":"https:\/\/www.santiagocasas.es\/index.php\/wp-json\/wp\/v2\/tags?post=2187"}],"curies":[{"name":"wp","href":"https:\/\/api.w.org\/{rel}","templated":true}]}}