{"id":2293,"date":"2017-12-02T11:15:17","date_gmt":"2017-12-02T10:15:17","guid":{"rendered":"http:\/\/www.santiagocasas.es\/index.php\/2017\/12\/02\/a-la-carcel-por-mentir-en-internet\/"},"modified":"2017-12-02T11:15:17","modified_gmt":"2017-12-02T10:15:17","slug":"a-la-carcel-por-mentir-en-internet","status":"publish","type":"post","link":"https:\/\/www.santiagocasas.es\/index.php\/2017\/12\/02\/a-la-carcel-por-mentir-en-internet\/","title":{"rendered":"A la c\u00e1rcel por mentir en Internet"},"content":{"rendered":"<p>A la c\u00e1rcel por mentir en Internet <a href=\"https:\/\/politica.elpais.com\/politica\/2017\/12\/01\/sepa_usted\/1512132585_308226.html?id_externo_rsoc=TW_CC\">https:\/\/politica.elpais.com\/politica\/2017\/12\/01\/sepa_usted\/1512132585_308226.html?id_externo_rsoc=TW_CC<\/a> v\u00eda&#8230; <a>Lee m\u00e1s<\/a><\/p>\n<p><img decoding=\"async\" alt=\"\" src=\"https:\/\/external.xx.fbcdn.net\/safe_image.php?d=AQD5DNMrHGDp5laa&amp;w=720&amp;h=720&amp;url=https%3A%2F%2Fep00.epimg.net%2Fpolitica%2Fimagenes%2F2017%2F12%2F01%2Fsepa_usted%2F1512132585_308226_1512133696_rrss_normal.jpg&amp;cfs=1&amp;_nc_hash=AQDrxlPzyX9S5OzA\" \/><\/p>\n<p><a href=\"https:\/\/l.facebook.com\/l.php?u=https%3A%2F%2Fpolitica.elpais.com%2Fpolitica%2F2017%2F12%2F01%2Fsepa_usted%2F1512132585_308226.html%3Fid_externo_rsoc%3DTW_CC&amp;h=ATPFAZw957pYtKXGeOUFQcmmnAHw4i6GeXSUR5q3YEGKlV_BCqNL4hU897AIP2pzFP18l9TvFF-5TfP_4O7JMdmPWrrQNwZe5hjvFZ45MQ7g&amp;s=1&amp;enc=AZMlTyiXvyg_kL2dzAGZkKeZcktnB41y7vcDe0vFhVmd4gcgYbItI-2S94I7qwiT2CuoKnJhAitjzWt-C8L7Af9F50qww1oq6lK_oeyCFLzZAg\">A la c\u00e1rcel por mentir en Internet<\/a>politica.elpais.com<\/p>\n","protected":false},"excerpt":{"rendered":"<p>A la c\u00e1rcel por mentir en Internet https:\/\/politica.elpais.com\/politica\/2017\/12\/01\/sepa_usted\/1512132585_308226.html?id_externo_rsoc=TW_CC v\u00eda&#8230; Lee m\u00e1s A la c\u00e1rcel por mentir en Internetpolitica.elpais.com<\/p>\n","protected":false},"author":3,"featured_media":0,"comment_status":"closed","ping_status":"closed","sticky":false,"template":"","format":"standard","meta":{"footnotes":""},"categories":[1],"tags":[],"class_list":["post-2293","post","type-post","status-publish","format-standard","hentry","category-sin-categoria"],"_links":{"self":[{"href":"https:\/\/www.santiagocasas.es\/index.php\/wp-json\/wp\/v2\/posts\/2293","targetHints":{"allow":["GET"]}}],"collection":[{"href":"https:\/\/www.santiagocasas.es\/index.php\/wp-json\/wp\/v2\/posts"}],"about":[{"href":"https:\/\/www.santiagocasas.es\/index.php\/wp-json\/wp\/v2\/types\/post"}],"author":[{"embeddable":true,"href":"https:\/\/www.santiagocasas.es\/index.php\/wp-json\/wp\/v2\/users\/3"}],"replies":[{"embeddable":true,"href":"https:\/\/www.santiagocasas.es\/index.php\/wp-json\/wp\/v2\/comments?post=2293"}],"version-history":[{"count":0,"href":"https:\/\/www.santiagocasas.es\/index.php\/wp-json\/wp\/v2\/posts\/2293\/revisions"}],"wp:attachment":[{"href":"https:\/\/www.santiagocasas.es\/index.php\/wp-json\/wp\/v2\/media?parent=2293"}],"wp:term":[{"taxonomy":"category","embeddable":true,"href":"https:\/\/www.santiagocasas.es\/index.php\/wp-json\/wp\/v2\/categories?post=2293"},{"taxonomy":"post_tag","embeddable":true,"href":"https:\/\/www.santiagocasas.es\/index.php\/wp-json\/wp\/v2\/tags?post=2293"}],"curies":[{"name":"wp","href":"https:\/\/api.w.org\/{rel}","templated":true}]}}