{"id":2296,"date":"2017-12-03T12:23:19","date_gmt":"2017-12-03T11:23:19","guid":{"rendered":"http:\/\/www.santiagocasas.es\/index.php\/2017\/12\/03\/se-cumplen-25-anos-del-envio-del-primer-sms-de-la-historia-esta-es-su-historia\/"},"modified":"2017-12-03T12:23:19","modified_gmt":"2017-12-03T11:23:19","slug":"se-cumplen-25-anos-del-envio-del-primer-sms-de-la-historia-esta-es-su-historia","status":"publish","type":"post","link":"https:\/\/www.santiagocasas.es\/index.php\/2017\/12\/03\/se-cumplen-25-anos-del-envio-del-primer-sms-de-la-historia-esta-es-su-historia\/","title":{"rendered":"Se cumplen 25 a\u00f1os del env\u00edo del primer SMS de la historia: esta es su historia"},"content":{"rendered":"<p>Se cumplen 25 a\u00f1os del env\u00edo del primer SMS de la historia: esta es su historia <a href=\"http:\/\/www.europapress.es\/portaltic\/sector\/noticia-cumplen-25-anos-envio-primer-sms-historia-historia-20171203112934.html\">http:\/\/www.europapress.es\/portaltic\/sector\/noticia-cumplen-25-anos-envio-primer-sms-historia-historia-20171203112934.html<\/a> <a>Lee m\u00e1s<\/a><\/p>\n<p><img decoding=\"async\" alt=\"\" src=\"https:\/\/external.xx.fbcdn.net\/safe_image.php?d=AQD6CbLwdEutHOsf&amp;w=720&amp;h=720&amp;url=https%3A%2F%2Fimg.europapress.es%2Ffotoweb%2Ffotonoticia_20171203112934_800.jpg&amp;cfs=1&amp;_nc_hash=AQBBVek3FZNThqp7\" \/><\/p>\n<p><a href=\"https:\/\/l.facebook.com\/l.php?u=http%3A%2F%2Fwww.europapress.es%2Fportaltic%2Fsector%2Fnoticia-cumplen-25-anos-envio-primer-sms-historia-historia-20171203112934.html&amp;h=ATMo8N54jfJQYm0RgoAJLgGLhhWuWGnwTPBhRVt3eiJHemfxBNDQhL6Wh2MW8X1QJrfXQozUv2eUF8WsivoTP2CHLD8tE3kFg30-aXbSHyU9&amp;s=1&amp;enc=AZNElfPhAN61GxsePB0IGK9NYADOIKpoDSMYIasiilWcOYDyrYABR_7Znr6iXaQ5ouePhBe70HZ10yPDBk3QnLHBVjSOGIeyQvT6UoNzQwVIQQ\">Mira este enlace<\/a>www.europapress.es<\/p>\n","protected":false},"excerpt":{"rendered":"<p>Se cumplen 25 a\u00f1os del env\u00edo del primer SMS de la historia: esta es su historia http:\/\/www.europapress.es\/portaltic\/sector\/noticia-cumplen-25-anos-envio-primer-sms-historia-historia-20171203112934.html Lee m\u00e1s Mira este enlacewww.europapress.es<\/p>\n","protected":false},"author":3,"featured_media":0,"comment_status":"closed","ping_status":"closed","sticky":false,"template":"","format":"standard","meta":{"footnotes":""},"categories":[1],"tags":[],"class_list":["post-2296","post","type-post","status-publish","format-standard","hentry","category-sin-categoria"],"_links":{"self":[{"href":"https:\/\/www.santiagocasas.es\/index.php\/wp-json\/wp\/v2\/posts\/2296","targetHints":{"allow":["GET"]}}],"collection":[{"href":"https:\/\/www.santiagocasas.es\/index.php\/wp-json\/wp\/v2\/posts"}],"about":[{"href":"https:\/\/www.santiagocasas.es\/index.php\/wp-json\/wp\/v2\/types\/post"}],"author":[{"embeddable":true,"href":"https:\/\/www.santiagocasas.es\/index.php\/wp-json\/wp\/v2\/users\/3"}],"replies":[{"embeddable":true,"href":"https:\/\/www.santiagocasas.es\/index.php\/wp-json\/wp\/v2\/comments?post=2296"}],"version-history":[{"count":0,"href":"https:\/\/www.santiagocasas.es\/index.php\/wp-json\/wp\/v2\/posts\/2296\/revisions"}],"wp:attachment":[{"href":"https:\/\/www.santiagocasas.es\/index.php\/wp-json\/wp\/v2\/media?parent=2296"}],"wp:term":[{"taxonomy":"category","embeddable":true,"href":"https:\/\/www.santiagocasas.es\/index.php\/wp-json\/wp\/v2\/categories?post=2296"},{"taxonomy":"post_tag","embeddable":true,"href":"https:\/\/www.santiagocasas.es\/index.php\/wp-json\/wp\/v2\/tags?post=2296"}],"curies":[{"name":"wp","href":"https:\/\/api.w.org\/{rel}","templated":true}]}}