{"id":2308,"date":"2017-12-14T21:08:19","date_gmt":"2017-12-14T20:08:19","guid":{"rendered":"http:\/\/www.santiagocasas.es\/index.php\/2017\/12\/14\/los-jovenes-no-quieren-aislarse-acuden-a-las-redes-sociales-porque-alli-estan-los-demas\/"},"modified":"2017-12-14T21:08:19","modified_gmt":"2017-12-14T20:08:19","slug":"los-jovenes-no-quieren-aislarse-acuden-a-las-redes-sociales-porque-alli-estan-los-demas","status":"publish","type":"post","link":"https:\/\/www.santiagocasas.es\/index.php\/2017\/12\/14\/los-jovenes-no-quieren-aislarse-acuden-a-las-redes-sociales-porque-alli-estan-los-demas\/","title":{"rendered":"\u201cLos j\u00f3venes no quieren aislarse. Acuden a las redes sociales porque all\u00ed est\u00e1n los dem\u00e1s\u201d"},"content":{"rendered":"<p>\u201cLos j\u00f3venes no quieren aislarse. Acuden a las redes sociales porque all\u00ed est\u00e1n los dem\u00e1s\u201d <a href=\"https:\/\/elpais.com\/elpais\/2017\/12\/04\/mamas_papas\/1512381445_229059.html?id_externo_rsoc=TW_CC\">https:\/\/elpais.com\/elpais\/2017\/12\/04\/mamas_papas\/1512381445_229059.html?id_externo_rsoc=TW_CC<\/a> <a>Lee m\u00e1s<\/a><\/p>\n<p><img decoding=\"async\" alt=\"\" src=\"https:\/\/external.xx.fbcdn.net\/safe_image.php?w=377&amp;h=377&amp;url=https%3A%2F%2Fep00.epimg.net%2Felpais%2Fimagenes%2F2017%2F12%2F04%2Fmamas_papas%2F1512381445_229059_1513245427_rrss_normal.jpg&amp;cfs=1&amp;sx=114&amp;sy=0&amp;sw=377&amp;sh=377&amp;_nc_hash=AQCfCAlqn9KTAnY4\" \/><\/p>\n<p><a href=\"https:\/\/l.facebook.com\/l.php?u=https%3A%2F%2Felpais.com%2Felpais%2F2017%2F12%2F04%2Fmamas_papas%2F1512381445_229059.html%3Fid_externo_rsoc%3DTW_CC&amp;h=ATOGHsENMSNGpJ5bg19ojFVXnUBX4yViNxU6o8VeP_urEfrubhK2mk-FblPYPFQgl0NZ5QB74xogdojDJ9_v8uQIasUe7u6bAmE9Qv_yxDdM&amp;s=1&amp;enc=AZPwwxdRwN6zbuhjH43dvw9gpiZEhZRkEZX27Im4Ynd6JMVR30KqfdOPBXq4kagCHo3kP1gQ2VTiCtWS6AbXRQ7TDlVrdG38X2TQdsjg2vEh9g\">\u201cLos j\u00f3venes no quieren aislarse. Acuden a las redes sociales porque all\u00ed est\u00e1n los dem\u00e1s\u201d<\/a>elpais.com<\/p>\n","protected":false},"excerpt":{"rendered":"<p>\u201cLos j\u00f3venes no quieren aislarse. Acuden a las redes sociales porque all\u00ed est\u00e1n los dem\u00e1s\u201d https:\/\/elpais.com\/elpais\/2017\/12\/04\/mamas_papas\/1512381445_229059.html?id_externo_rsoc=TW_CC Lee m\u00e1s \u201cLos j\u00f3venes no quieren aislarse. Acuden a las redes sociales porque all\u00ed est\u00e1n los dem\u00e1s\u201delpais.com<\/p>\n","protected":false},"author":3,"featured_media":0,"comment_status":"closed","ping_status":"closed","sticky":false,"template":"","format":"standard","meta":{"footnotes":""},"categories":[1],"tags":[],"class_list":["post-2308","post","type-post","status-publish","format-standard","hentry","category-sin-categoria"],"_links":{"self":[{"href":"https:\/\/www.santiagocasas.es\/index.php\/wp-json\/wp\/v2\/posts\/2308","targetHints":{"allow":["GET"]}}],"collection":[{"href":"https:\/\/www.santiagocasas.es\/index.php\/wp-json\/wp\/v2\/posts"}],"about":[{"href":"https:\/\/www.santiagocasas.es\/index.php\/wp-json\/wp\/v2\/types\/post"}],"author":[{"embeddable":true,"href":"https:\/\/www.santiagocasas.es\/index.php\/wp-json\/wp\/v2\/users\/3"}],"replies":[{"embeddable":true,"href":"https:\/\/www.santiagocasas.es\/index.php\/wp-json\/wp\/v2\/comments?post=2308"}],"version-history":[{"count":0,"href":"https:\/\/www.santiagocasas.es\/index.php\/wp-json\/wp\/v2\/posts\/2308\/revisions"}],"wp:attachment":[{"href":"https:\/\/www.santiagocasas.es\/index.php\/wp-json\/wp\/v2\/media?parent=2308"}],"wp:term":[{"taxonomy":"category","embeddable":true,"href":"https:\/\/www.santiagocasas.es\/index.php\/wp-json\/wp\/v2\/categories?post=2308"},{"taxonomy":"post_tag","embeddable":true,"href":"https:\/\/www.santiagocasas.es\/index.php\/wp-json\/wp\/v2\/tags?post=2308"}],"curies":[{"name":"wp","href":"https:\/\/api.w.org\/{rel}","templated":true}]}}