{"id":2359,"date":"2018-01-28T22:13:44","date_gmt":"2018-01-28T21:13:44","guid":{"rendered":"http:\/\/www.santiagocasas.es\/index.php\/2018\/01\/28\/ocho-jovenes-nos-cuentan-por-que-no-beben-ni-una-gota-de-alcohol\/"},"modified":"2018-01-28T22:13:44","modified_gmt":"2018-01-28T21:13:44","slug":"ocho-jovenes-nos-cuentan-por-que-no-beben-ni-una-gota-de-alcohol","status":"publish","type":"post","link":"https:\/\/www.santiagocasas.es\/index.php\/2018\/01\/28\/ocho-jovenes-nos-cuentan-por-que-no-beben-ni-una-gota-de-alcohol\/","title":{"rendered":"Ocho j\u00f3venes nos cuentan por qu\u00e9 no beben ni una gota de alcohol"},"content":{"rendered":"<p>Ocho j\u00f3venes nos cuentan por qu\u00e9 no beben ni una gota de alcohol <a href=\"https:\/\/verne.elpais.com\/verne\/2018\/01\/25\/articulo\/1516898583_033778.html\">https:\/\/verne.elpais.com\/verne\/2018\/01\/25\/articulo\/1516898583_033778.html<\/a> v\u00eda @verne<br \/>\n<img decoding=\"async\" alt=\"\" src=\"https:\/\/external.xx.fbcdn.net\/safe_image.php?d=AQA3BWxkkljO0S-9&amp;w=377&amp;h=377&amp;url=https%3A%2F%2Fep01.epimg.net%2Fverne%2Fimagenes%2F2018%2F01%2F25%2Farticulo%2F1516898583_033778_1516979995_rrss_normal.jpg&amp;cfs=1&amp;sx=99&amp;sy=0&amp;sw=377&amp;sh=377&amp;_nc_hash=AQAoUuQzofKeUVYH\" \/><\/p>\n<p><a href=\"https:\/\/l.facebook.com\/l.php?u=https%3A%2F%2Fverne.elpais.com%2Fverne%2F2018%2F01%2F25%2Farticulo%2F1516898583_033778.html&amp;h=ATMxmh-VYcDiv90DJleTzPZtS6fx5tHt3kGnd7XrZSXgUdiQAnSQqrnOvjEsn63T4WAcjaxixtUHdtysfI9p3v_86TaDGe8x1ADhdrU7563sEDk&amp;s=1&amp;enc=AZNlWvNxi3ZoLd8O42AujUeovLrUebE9R_Z7hwtnfaIUBhj80PiPkHGhE6BRvPXzo5LrCyj1SMTqrZRoOBm2eH7GW6Y3yfJsr1UQArg7CwpgBg\">Ocho j\u00f3venes nos cuentan por qu\u00e9 no beben ni una gota de alcohol<\/a>verne.elpais.com<\/p>\n","protected":false},"excerpt":{"rendered":"<p>Ocho j\u00f3venes nos cuentan por qu\u00e9 no beben ni una gota de alcohol https:\/\/verne.elpais.com\/verne\/2018\/01\/25\/articulo\/1516898583_033778.html v\u00eda @verne Ocho j\u00f3venes nos cuentan por qu\u00e9 no beben ni una gota de alcoholverne.elpais.com<\/p>\n","protected":false},"author":3,"featured_media":0,"comment_status":"closed","ping_status":"closed","sticky":false,"template":"","format":"standard","meta":{"footnotes":""},"categories":[1],"tags":[],"class_list":["post-2359","post","type-post","status-publish","format-standard","hentry","category-sin-categoria"],"_links":{"self":[{"href":"https:\/\/www.santiagocasas.es\/index.php\/wp-json\/wp\/v2\/posts\/2359","targetHints":{"allow":["GET"]}}],"collection":[{"href":"https:\/\/www.santiagocasas.es\/index.php\/wp-json\/wp\/v2\/posts"}],"about":[{"href":"https:\/\/www.santiagocasas.es\/index.php\/wp-json\/wp\/v2\/types\/post"}],"author":[{"embeddable":true,"href":"https:\/\/www.santiagocasas.es\/index.php\/wp-json\/wp\/v2\/users\/3"}],"replies":[{"embeddable":true,"href":"https:\/\/www.santiagocasas.es\/index.php\/wp-json\/wp\/v2\/comments?post=2359"}],"version-history":[{"count":0,"href":"https:\/\/www.santiagocasas.es\/index.php\/wp-json\/wp\/v2\/posts\/2359\/revisions"}],"wp:attachment":[{"href":"https:\/\/www.santiagocasas.es\/index.php\/wp-json\/wp\/v2\/media?parent=2359"}],"wp:term":[{"taxonomy":"category","embeddable":true,"href":"https:\/\/www.santiagocasas.es\/index.php\/wp-json\/wp\/v2\/categories?post=2359"},{"taxonomy":"post_tag","embeddable":true,"href":"https:\/\/www.santiagocasas.es\/index.php\/wp-json\/wp\/v2\/tags?post=2359"}],"curies":[{"name":"wp","href":"https:\/\/api.w.org\/{rel}","templated":true}]}}