{"id":2361,"date":"2018-01-29T15:48:24","date_gmt":"2018-01-29T14:48:24","guid":{"rendered":"http:\/\/www.santiagocasas.es\/index.php\/2018\/01\/29\/telefonica-impulsara-digitalizacion-del-sector-agricola-con-el-proyecto-visual-green\/"},"modified":"2018-01-29T15:48:24","modified_gmt":"2018-01-29T14:48:24","slug":"telefonica-impulsara-digitalizacion-del-sector-agricola-con-el-proyecto-visual-green","status":"publish","type":"post","link":"https:\/\/www.santiagocasas.es\/index.php\/2018\/01\/29\/telefonica-impulsara-digitalizacion-del-sector-agricola-con-el-proyecto-visual-green\/","title":{"rendered":"Telef\u00f3nica impulsar\u00e1 digitalizaci\u00f3n del sector agr\u00edcola con el proyecto Visual Green"},"content":{"rendered":"<p>Telef\u00f3nica impulsar\u00e1 digitalizaci\u00f3n del sector agr\u00edcola con el proyecto Visual Green <a href=\"http:\/\/www.agroclm.com\/2018\/01\/29\/telefonica-impulsara-digitalizacion-del-sector-agricola-proyecto-visual-green\/\">http:\/\/www.agroclm.com\/2018\/01\/29\/telefonica-impulsara-digitalizacion-del-sector-agricola-proyecto-visual-green\/<\/a> <a>Lee m\u00e1s<\/a><\/p>\n<p><img decoding=\"async\" alt=\"\" src=\"https:\/\/external.xx.fbcdn.net\/safe_image.php?d=AQAc2_o0U2rvc83N&amp;w=720&amp;h=720&amp;url=http%3A%2F%2Fwww.agroclm.com%2Fwp-content%2Fuploads%2F2017%2F01%2Fjohn-deere.jpg&amp;cfs=1&amp;_nc_hash=AQB4NnSBPOqGv7o3\" \/><\/p>\n<p><a href=\"https:\/\/l.facebook.com\/l.php?u=http%3A%2F%2Fwww.agroclm.com%2F2018%2F01%2F29%2Ftelefonica-impulsara-digitalizacion-del-sector-agricola-proyecto-visual-green%2F&amp;h=ATOxgu7TH_vmYL6oHKy3VOE1UZFq_ya9C0CK2xDZQQqnRLj--pRU5NUPIuYQWIlh6PuPGth95HOIYoK2yvABEERBo239jashJZ-ISkHmp4x0L40&amp;s=1&amp;enc=AZO4LEQQ4vss5Qi-QlB4aMDxt7ov4z4oyZ4d8SFVbjAjPjGtdGr443VlfurHrXK7vMC2bZU7899USs_1GgreagtJu9487q-Z3aCE1LnF9QxuBw\">Telef\u00f3nica impulsar\u00e1 digitalizaci\u00f3n del sector agr\u00edcola con el proyecto Visual Green &#8211; AgroCLM<\/a>www.agroclm.com<\/p>\n","protected":false},"excerpt":{"rendered":"<p>Telef\u00f3nica impulsar\u00e1 digitalizaci\u00f3n del sector agr\u00edcola con el proyecto Visual Green http:\/\/www.agroclm.com\/2018\/01\/29\/telefonica-impulsara-digitalizacion-del-sector-agricola-proyecto-visual-green\/ Lee m\u00e1s Telef\u00f3nica impulsar\u00e1 digitalizaci\u00f3n del sector agr\u00edcola con el proyecto Visual Green &#8211; AgroCLMwww.agroclm.com<\/p>\n","protected":false},"author":3,"featured_media":0,"comment_status":"closed","ping_status":"closed","sticky":false,"template":"","format":"standard","meta":{"footnotes":""},"categories":[1],"tags":[],"class_list":["post-2361","post","type-post","status-publish","format-standard","hentry","category-sin-categoria"],"_links":{"self":[{"href":"https:\/\/www.santiagocasas.es\/index.php\/wp-json\/wp\/v2\/posts\/2361","targetHints":{"allow":["GET"]}}],"collection":[{"href":"https:\/\/www.santiagocasas.es\/index.php\/wp-json\/wp\/v2\/posts"}],"about":[{"href":"https:\/\/www.santiagocasas.es\/index.php\/wp-json\/wp\/v2\/types\/post"}],"author":[{"embeddable":true,"href":"https:\/\/www.santiagocasas.es\/index.php\/wp-json\/wp\/v2\/users\/3"}],"replies":[{"embeddable":true,"href":"https:\/\/www.santiagocasas.es\/index.php\/wp-json\/wp\/v2\/comments?post=2361"}],"version-history":[{"count":0,"href":"https:\/\/www.santiagocasas.es\/index.php\/wp-json\/wp\/v2\/posts\/2361\/revisions"}],"wp:attachment":[{"href":"https:\/\/www.santiagocasas.es\/index.php\/wp-json\/wp\/v2\/media?parent=2361"}],"wp:term":[{"taxonomy":"category","embeddable":true,"href":"https:\/\/www.santiagocasas.es\/index.php\/wp-json\/wp\/v2\/categories?post=2361"},{"taxonomy":"post_tag","embeddable":true,"href":"https:\/\/www.santiagocasas.es\/index.php\/wp-json\/wp\/v2\/tags?post=2361"}],"curies":[{"name":"wp","href":"https:\/\/api.w.org\/{rel}","templated":true}]}}