{"id":2428,"date":"2018-06-29T09:12:57","date_gmt":"2018-06-29T07:12:57","guid":{"rendered":"http:\/\/www.santiagocasas.es\/index.php\/2018\/06\/29\/telefonica-se-queda-todo-el-futbol-compra-la-champions-a-mediapro-por-1-080-millones-economia-el-pais\/"},"modified":"2018-06-29T09:12:57","modified_gmt":"2018-06-29T07:12:57","slug":"telefonica-se-queda-todo-el-futbol-compra-la-champions-a-mediapro-por-1-080-millones-economia-el-pais","status":"publish","type":"post","link":"https:\/\/www.santiagocasas.es\/index.php\/2018\/06\/29\/telefonica-se-queda-todo-el-futbol-compra-la-champions-a-mediapro-por-1-080-millones-economia-el-pais\/","title":{"rendered":"Telef\u00f3nica se queda todo el f\u00fatbol: compra la Champions a Mediapro por 1.080 millones |  Econom\u00eda | EL PA\u00cdS"},"content":{"rendered":"<p><img decoding=\"async\" width=\"200\" height=\"105\" src=\"https:\/\/ep00.epimg.net\/deportes\/imagenes\/2018\/05\/31\/actualidad\/1527750278_375908_1527751293_rrss_normal.jpg\" alt=\"https:\/\/ep00.epimg.net\/deportes\/imagenes\/2018\/05\/31\/actualidad\/1527750278_375908_1527751293_rrss_normal.jpg\" \/><\/p>\n<p><a href=\"https:\/\/elpais.com\/economia\/2018\/06\/28\/actualidad\/1530204423_927786.html\">Telef\u00f3nica se queda todo el f\u00fatbol: compra la Champions a Mediapro por 1.080 millones<\/a><\/p>\n<p>Movistar se garantiza ser la \u00fanica operadora que tiene toda la oferta del f\u00fatbol nacional y europeo<\/p>\n<p><a href=\"https:\/\/elpais.com\/economia\/2018\/06\/28\/actualidad\/1530204423_927786.html\">https:\/\/elpais.com\/economia\/2018\/06\/28\/actualidad\/1530204423_927786.html<\/a><\/p>\n<p>Enviado desde <a href=\"https:\/\/go.microsoft.com\/fwlink\/?LinkId=550986\"> Correo<\/a> para Windows 10<\/p>\n","protected":false},"excerpt":{"rendered":"<p>Telef\u00f3nica se queda todo el f\u00fatbol: compra la Champions a Mediapro por 1.080 millones Movistar se garantiza ser la \u00fanica operadora que tiene toda la oferta del f\u00fatbol nacional y europeo https:\/\/elpais.com\/economia\/2018\/06\/28\/actualidad\/1530204423_927786.html Enviado desde Correo para Windows 10<\/p>\n","protected":false},"author":3,"featured_media":0,"comment_status":"closed","ping_status":"closed","sticky":false,"template":"","format":"standard","meta":{"footnotes":""},"categories":[1],"tags":[],"class_list":["post-2428","post","type-post","status-publish","format-standard","hentry","category-sin-categoria"],"_links":{"self":[{"href":"https:\/\/www.santiagocasas.es\/index.php\/wp-json\/wp\/v2\/posts\/2428","targetHints":{"allow":["GET"]}}],"collection":[{"href":"https:\/\/www.santiagocasas.es\/index.php\/wp-json\/wp\/v2\/posts"}],"about":[{"href":"https:\/\/www.santiagocasas.es\/index.php\/wp-json\/wp\/v2\/types\/post"}],"author":[{"embeddable":true,"href":"https:\/\/www.santiagocasas.es\/index.php\/wp-json\/wp\/v2\/users\/3"}],"replies":[{"embeddable":true,"href":"https:\/\/www.santiagocasas.es\/index.php\/wp-json\/wp\/v2\/comments?post=2428"}],"version-history":[{"count":0,"href":"https:\/\/www.santiagocasas.es\/index.php\/wp-json\/wp\/v2\/posts\/2428\/revisions"}],"wp:attachment":[{"href":"https:\/\/www.santiagocasas.es\/index.php\/wp-json\/wp\/v2\/media?parent=2428"}],"wp:term":[{"taxonomy":"category","embeddable":true,"href":"https:\/\/www.santiagocasas.es\/index.php\/wp-json\/wp\/v2\/categories?post=2428"},{"taxonomy":"post_tag","embeddable":true,"href":"https:\/\/www.santiagocasas.es\/index.php\/wp-json\/wp\/v2\/tags?post=2428"}],"curies":[{"name":"wp","href":"https:\/\/api.w.org\/{rel}","templated":true}]}}