{"id":2429,"date":"2018-06-29T09:17:02","date_gmt":"2018-06-29T07:17:02","guid":{"rendered":"http:\/\/www.santiagocasas.es\/index.php\/2018\/06\/29\/el-huffpost-cumple-su-sexto-aniversario-con-un-cambio-en-la-direccion-gente-y-famosos-el-pais\/"},"modified":"2018-06-29T09:17:02","modified_gmt":"2018-06-29T07:17:02","slug":"el-huffpost-cumple-su-sexto-aniversario-con-un-cambio-en-la-direccion-gente-y-famosos-el-pais","status":"publish","type":"post","link":"https:\/\/www.santiagocasas.es\/index.php\/2018\/06\/29\/el-huffpost-cumple-su-sexto-aniversario-con-un-cambio-en-la-direccion-gente-y-famosos-el-pais\/","title":{"rendered":"El HuffPost cumple su sexto aniversario con un cambio en la direcci\u00f3n | Gente y Famosos |  EL PA\u00cdS"},"content":{"rendered":"<p><img decoding=\"async\" width=\"200\" height=\"105\" src=\"https:\/\/ep00.epimg.net\/elpais\/imagenes\/2018\/06\/28\/gente\/1530194828_072336_1530194947_rrss_normal.jpg\" alt=\"https:\/\/ep00.epimg.net\/elpais\/imagenes\/2018\/06\/28\/gente\/1530194828_072336_1530194947_rrss_normal.jpg\" \/><\/p>\n<p><a href=\"https:\/\/elpais.com\/elpais\/2018\/06\/28\/gente\/1530194828_072336.html\">El HuffPost cumple su sexto aniversario con un cambio en la direcci\u00f3n<\/a><\/p>\n<p>Guillermo Rodr\u00edguez asume el cargo de director en sustituci\u00f3n de Montserrat Dom\u00ednguez, nueva subdirectora de fin de semana de EL PA\u00cdS<\/p>\n<p><a href=\"https:\/\/elpais.com\/elpais\/2018\/06\/28\/gente\/1530194828_072336.html\">https:\/\/elpais.com\/elpais\/2018\/06\/28\/gente\/1530194828_072336.html<\/a><\/p>\n<p>Enviado desde <a href=\"https:\/\/go.microsoft.com\/fwlink\/?LinkId=550986\"> Correo<\/a> para Windows 10<\/p>\n","protected":false},"excerpt":{"rendered":"<p>El HuffPost cumple su sexto aniversario con un cambio en la direcci\u00f3n Guillermo Rodr\u00edguez asume el cargo de director en sustituci\u00f3n de Montserrat Dom\u00ednguez, nueva subdirectora de fin de semana de EL PA\u00cdS https:\/\/elpais.com\/elpais\/2018\/06\/28\/gente\/1530194828_072336.html Enviado desde Correo para Windows 10<\/p>\n","protected":false},"author":3,"featured_media":0,"comment_status":"closed","ping_status":"closed","sticky":false,"template":"","format":"standard","meta":{"footnotes":""},"categories":[1],"tags":[],"class_list":["post-2429","post","type-post","status-publish","format-standard","hentry","category-sin-categoria"],"_links":{"self":[{"href":"https:\/\/www.santiagocasas.es\/index.php\/wp-json\/wp\/v2\/posts\/2429","targetHints":{"allow":["GET"]}}],"collection":[{"href":"https:\/\/www.santiagocasas.es\/index.php\/wp-json\/wp\/v2\/posts"}],"about":[{"href":"https:\/\/www.santiagocasas.es\/index.php\/wp-json\/wp\/v2\/types\/post"}],"author":[{"embeddable":true,"href":"https:\/\/www.santiagocasas.es\/index.php\/wp-json\/wp\/v2\/users\/3"}],"replies":[{"embeddable":true,"href":"https:\/\/www.santiagocasas.es\/index.php\/wp-json\/wp\/v2\/comments?post=2429"}],"version-history":[{"count":0,"href":"https:\/\/www.santiagocasas.es\/index.php\/wp-json\/wp\/v2\/posts\/2429\/revisions"}],"wp:attachment":[{"href":"https:\/\/www.santiagocasas.es\/index.php\/wp-json\/wp\/v2\/media?parent=2429"}],"wp:term":[{"taxonomy":"category","embeddable":true,"href":"https:\/\/www.santiagocasas.es\/index.php\/wp-json\/wp\/v2\/categories?post=2429"},{"taxonomy":"post_tag","embeddable":true,"href":"https:\/\/www.santiagocasas.es\/index.php\/wp-json\/wp\/v2\/tags?post=2429"}],"curies":[{"name":"wp","href":"https:\/\/api.w.org\/{rel}","templated":true}]}}