{"id":2438,"date":"2018-07-01T10:09:17","date_gmt":"2018-07-01T08:09:17","guid":{"rendered":"http:\/\/www.santiagocasas.es\/index.php\/2018\/07\/01\/cuando-los-candidatos-a-presidente-de-rtve-se-pusieron-a-borrar-miles-de-tuits-verne-el-pais\/"},"modified":"2018-07-01T10:09:17","modified_gmt":"2018-07-01T08:09:17","slug":"cuando-los-candidatos-a-presidente-de-rtve-se-pusieron-a-borrar-miles-de-tuits-verne-el-pais","status":"publish","type":"post","link":"https:\/\/www.santiagocasas.es\/index.php\/2018\/07\/01\/cuando-los-candidatos-a-presidente-de-rtve-se-pusieron-a-borrar-miles-de-tuits-verne-el-pais\/","title":{"rendered":"Cuando los candidatos a presidente de RTVE se pusieron a borrar miles de tuits | Verne EL  PA\u00cdS"},"content":{"rendered":"<p><img decoding=\"async\" width=\"200\" height=\"105\" src=\"https:\/\/ep01.epimg.net\/verne\/imagenes\/2018\/06\/29\/articulo\/1530281516_451371_1530285440_rrss_normal.jpg\" alt=\"https:\/\/ep01.epimg.net\/verne\/imagenes\/2018\/06\/29\/articulo\/1530281516_451371_1530285440_rrss_normal.jpg\" \/><\/p>\n<p><a href=\"https:\/\/verne.elpais.com\/verne\/2018\/06\/29\/articulo\/1530281516_451371.html\">Cuando los candidatos a presidente de RTVE se pusieron a borrar miles de tuits<\/a><\/p>\n<p>Andr\u00e9s Gil borr\u00f3 14.000 tuits; Ana Pardo de Vera, 22.000; Arsenio Escolar no elimin\u00f3 ninguno. \u00bfDeber\u00edamos borrar nuestro rastro de internet peri\u00f3dicamente?.<\/p>\n<p><a href=\"https:\/\/verne.elpais.com\/verne\/2018\/06\/29\/articulo\/1530281516_451371.html\">https:\/\/verne.elpais.com\/verne\/2018\/06\/29\/articulo\/1530281516_451371.html<\/a><\/p>\n","protected":false},"excerpt":{"rendered":"<p>Cuando los candidatos a presidente de RTVE se pusieron a borrar miles de tuits Andr\u00e9s Gil borr\u00f3 14.000 tuits; Ana Pardo de Vera, 22.000; Arsenio Escolar no elimin\u00f3 ninguno. \u00bfDeber\u00edamos borrar nuestro rastro de internet peri\u00f3dicamente?. https:\/\/verne.elpais.com\/verne\/2018\/06\/29\/articulo\/1530281516_451371.html<\/p>\n","protected":false},"author":3,"featured_media":0,"comment_status":"closed","ping_status":"closed","sticky":false,"template":"","format":"standard","meta":{"footnotes":""},"categories":[1],"tags":[],"class_list":["post-2438","post","type-post","status-publish","format-standard","hentry","category-sin-categoria"],"_links":{"self":[{"href":"https:\/\/www.santiagocasas.es\/index.php\/wp-json\/wp\/v2\/posts\/2438","targetHints":{"allow":["GET"]}}],"collection":[{"href":"https:\/\/www.santiagocasas.es\/index.php\/wp-json\/wp\/v2\/posts"}],"about":[{"href":"https:\/\/www.santiagocasas.es\/index.php\/wp-json\/wp\/v2\/types\/post"}],"author":[{"embeddable":true,"href":"https:\/\/www.santiagocasas.es\/index.php\/wp-json\/wp\/v2\/users\/3"}],"replies":[{"embeddable":true,"href":"https:\/\/www.santiagocasas.es\/index.php\/wp-json\/wp\/v2\/comments?post=2438"}],"version-history":[{"count":0,"href":"https:\/\/www.santiagocasas.es\/index.php\/wp-json\/wp\/v2\/posts\/2438\/revisions"}],"wp:attachment":[{"href":"https:\/\/www.santiagocasas.es\/index.php\/wp-json\/wp\/v2\/media?parent=2438"}],"wp:term":[{"taxonomy":"category","embeddable":true,"href":"https:\/\/www.santiagocasas.es\/index.php\/wp-json\/wp\/v2\/categories?post=2438"},{"taxonomy":"post_tag","embeddable":true,"href":"https:\/\/www.santiagocasas.es\/index.php\/wp-json\/wp\/v2\/tags?post=2438"}],"curies":[{"name":"wp","href":"https:\/\/api.w.org\/{rel}","templated":true}]}}