{"id":2449,"date":"2018-07-03T00:26:55","date_gmt":"2018-07-02T22:26:55","guid":{"rendered":"http:\/\/www.santiagocasas.es\/index.php\/2018\/07\/03\/amazon-preve-duplicar-su-plantilla-fija-en-espana-al-cierre-del-ano-economia-el-pa-is\/"},"modified":"2018-07-03T00:26:55","modified_gmt":"2018-07-02T22:26:55","slug":"amazon-preve-duplicar-su-plantilla-fija-en-espana-al-cierre-del-ano-economia-el-pa-is","status":"publish","type":"post","link":"https:\/\/www.santiagocasas.es\/index.php\/2018\/07\/03\/amazon-preve-duplicar-su-plantilla-fija-en-espana-al-cierre-del-ano-economia-el-pa-is\/","title":{"rendered":"Amazon prev\u00e9 duplicar su plantilla fija en Espa\u00f1a al cierre del a\u00f1o | Econom\u00eda | EL PA \u00cdS"},"content":{"rendered":"<p><img decoding=\"async\" width=\"200\" height=\"105\" src=\"https:\/\/ep00.epimg.net\/economia\/imagenes\/2018\/07\/02\/actualidad\/1530530467_380008_1530532866_rrss_normal.jpg\" alt=\"https:\/\/ep00.epimg.net\/economia\/imagenes\/2018\/07\/02\/actualidad\/1530530467_380008_1530532866_rrss_normal.jpg\" \/><\/p>\n<p><a href=\"https:\/\/elpais.com\/economia\/2018\/07\/02\/actualidad\/1530530467_380008.html\">Amazon prev\u00e9 duplicar su plantilla fija en Espa\u00f1a al cierre del a\u00f1o<\/a><\/p>\n<p>A finales de 2017, Amazon contaba con 1.600 empleados fijos y espera tener 3.200 cuando acabe 2018<\/p>\n<p><a href=\"https:\/\/elpais.com\/economia\/2018\/07\/02\/actualidad\/1530530467_380008.html\">https:\/\/elpais.com\/economia\/2018\/07\/02\/actualidad\/1530530467_380008.html<\/a><\/p>\n","protected":false},"excerpt":{"rendered":"<p>Amazon prev\u00e9 duplicar su plantilla fija en Espa\u00f1a al cierre del a\u00f1o A finales de 2017, Amazon contaba con 1.600 empleados fijos y espera tener 3.200 cuando acabe 2018 https:\/\/elpais.com\/economia\/2018\/07\/02\/actualidad\/1530530467_380008.html<\/p>\n","protected":false},"author":3,"featured_media":0,"comment_status":"closed","ping_status":"closed","sticky":false,"template":"","format":"standard","meta":{"footnotes":""},"categories":[1],"tags":[],"class_list":["post-2449","post","type-post","status-publish","format-standard","hentry","category-sin-categoria"],"_links":{"self":[{"href":"https:\/\/www.santiagocasas.es\/index.php\/wp-json\/wp\/v2\/posts\/2449","targetHints":{"allow":["GET"]}}],"collection":[{"href":"https:\/\/www.santiagocasas.es\/index.php\/wp-json\/wp\/v2\/posts"}],"about":[{"href":"https:\/\/www.santiagocasas.es\/index.php\/wp-json\/wp\/v2\/types\/post"}],"author":[{"embeddable":true,"href":"https:\/\/www.santiagocasas.es\/index.php\/wp-json\/wp\/v2\/users\/3"}],"replies":[{"embeddable":true,"href":"https:\/\/www.santiagocasas.es\/index.php\/wp-json\/wp\/v2\/comments?post=2449"}],"version-history":[{"count":0,"href":"https:\/\/www.santiagocasas.es\/index.php\/wp-json\/wp\/v2\/posts\/2449\/revisions"}],"wp:attachment":[{"href":"https:\/\/www.santiagocasas.es\/index.php\/wp-json\/wp\/v2\/media?parent=2449"}],"wp:term":[{"taxonomy":"category","embeddable":true,"href":"https:\/\/www.santiagocasas.es\/index.php\/wp-json\/wp\/v2\/categories?post=2449"},{"taxonomy":"post_tag","embeddable":true,"href":"https:\/\/www.santiagocasas.es\/index.php\/wp-json\/wp\/v2\/tags?post=2449"}],"curies":[{"name":"wp","href":"https:\/\/api.w.org\/{rel}","templated":true}]}}