{"id":2459,"date":"2018-07-06T14:01:33","date_gmt":"2018-07-06T12:01:33","guid":{"rendered":"http:\/\/www.santiagocasas.es\/index.php\/2018\/07\/06\/los-cables-de-fibra-optica-podrian-detectar-con-gran-antelacion-los-terremotos-tecnol-ogia-el-pais\/"},"modified":"2018-07-06T14:01:33","modified_gmt":"2018-07-06T12:01:33","slug":"los-cables-de-fibra-optica-podrian-detectar-con-gran-antelacion-los-terremotos-tecnol-ogia-el-pais","status":"publish","type":"post","link":"https:\/\/www.santiagocasas.es\/index.php\/2018\/07\/06\/los-cables-de-fibra-optica-podrian-detectar-con-gran-antelacion-los-terremotos-tecnol-ogia-el-pais\/","title":{"rendered":"Los cables de fibra \u00f3ptica podr\u00edan detectar con gran antelaci\u00f3n los terremotos | Tecnol og\u00eda | EL PA\u00cdS"},"content":{"rendered":"<p><img decoding=\"async\" width=\"200\" height=\"105\" src=\"https:\/\/ep00.epimg.net\/tecnologia\/imagenes\/2018\/07\/05\/actualidad\/1530786971_845949_1530787544_rrss_normal.jpg\" alt=\"https:\/\/ep00.epimg.net\/tecnologia\/imagenes\/2018\/07\/05\/actualidad\/1530786971_845949_1530787544_rrss_normal.jpg\" \/><\/p>\n<p><a href=\"https:\/\/elpais.com\/tecnologia\/2018\/07\/05\/actualidad\/1530786971_845949.html\">Los cables de fibra \u00f3ptica podr\u00edan detectar con gran antelaci\u00f3n los terremotos<\/a><\/p>\n<p>Investigadores en Islandia han logrado utilizar cables de datos actuales en la detecci\u00f3n de movimientos s\u00edsmicos<\/p>\n<p><a href=\"https:\/\/elpais.com\/tecnologia\/2018\/07\/05\/actualidad\/1530786971_845949.html\">https:\/\/elpais.com\/tecnologia\/2018\/07\/05\/actualidad\/1530786971_845949.html<\/a><\/p>\n","protected":false},"excerpt":{"rendered":"<p>Los cables de fibra \u00f3ptica podr\u00edan detectar con gran antelaci\u00f3n los terremotos Investigadores en Islandia han logrado utilizar cables de datos actuales en la detecci\u00f3n de movimientos s\u00edsmicos https:\/\/elpais.com\/tecnologia\/2018\/07\/05\/actualidad\/1530786971_845949.html<\/p>\n","protected":false},"author":3,"featured_media":0,"comment_status":"closed","ping_status":"closed","sticky":false,"template":"","format":"standard","meta":{"footnotes":""},"categories":[1],"tags":[],"class_list":["post-2459","post","type-post","status-publish","format-standard","hentry","category-sin-categoria"],"_links":{"self":[{"href":"https:\/\/www.santiagocasas.es\/index.php\/wp-json\/wp\/v2\/posts\/2459","targetHints":{"allow":["GET"]}}],"collection":[{"href":"https:\/\/www.santiagocasas.es\/index.php\/wp-json\/wp\/v2\/posts"}],"about":[{"href":"https:\/\/www.santiagocasas.es\/index.php\/wp-json\/wp\/v2\/types\/post"}],"author":[{"embeddable":true,"href":"https:\/\/www.santiagocasas.es\/index.php\/wp-json\/wp\/v2\/users\/3"}],"replies":[{"embeddable":true,"href":"https:\/\/www.santiagocasas.es\/index.php\/wp-json\/wp\/v2\/comments?post=2459"}],"version-history":[{"count":0,"href":"https:\/\/www.santiagocasas.es\/index.php\/wp-json\/wp\/v2\/posts\/2459\/revisions"}],"wp:attachment":[{"href":"https:\/\/www.santiagocasas.es\/index.php\/wp-json\/wp\/v2\/media?parent=2459"}],"wp:term":[{"taxonomy":"category","embeddable":true,"href":"https:\/\/www.santiagocasas.es\/index.php\/wp-json\/wp\/v2\/categories?post=2459"},{"taxonomy":"post_tag","embeddable":true,"href":"https:\/\/www.santiagocasas.es\/index.php\/wp-json\/wp\/v2\/tags?post=2459"}],"curies":[{"name":"wp","href":"https:\/\/api.w.org\/{rel}","templated":true}]}}