{"id":2465,"date":"2018-07-09T16:24:51","date_gmt":"2018-07-09T14:24:51","guid":{"rendered":"http:\/\/www.santiagocasas.es\/index.php\/2018\/07\/09\/lenovo-sera-lider-en-pc-de-consumo-en-espana\/"},"modified":"2018-07-09T16:24:51","modified_gmt":"2018-07-09T14:24:51","slug":"lenovo-sera-lider-en-pc-de-consumo-en-espana","status":"publish","type":"post","link":"https:\/\/www.santiagocasas.es\/index.php\/2018\/07\/09\/lenovo-sera-lider-en-pc-de-consumo-en-espana\/","title":{"rendered":"\u00abLenovo ser\u00e1 l\u00edder en PC de consumo en Espa\u00f1a\u00bb"},"content":{"rendered":"<p><img decoding=\"async\" width=\"200\" height=\"111\" src=\"http:\/\/e00-expansion.uecdn.es\/assets\/multimedia\/imagenes\/2018\/07\/06\/15308667647322.jpg\" alt=\"http:\/\/e00-expansion.uecdn.es\/assets\/multimedia\/imagenes\/2018\/07\/06\/15308667647322.jpg\" \/><\/p>\n<p><a href=\"http:\/\/www.expansion.com\/economia-digital\/companias\/2018\/07\/08\/5b3f2bc246163fed2d8b4631.html\">&quot;Lenovo ser\u00e1 l\u00edder en PC de consumo en Espa\u00f1a&quot;<\/a><\/p>\n<p>Miguel Hern\u00e1ndez lleva solo un a\u00f1o y medio en Lenovo, pero parece sentirse como en casa. &quot;Lo mejor que hay en esta empresa es el trabajo en&#8230;<\/p>\n<p><a href=\"http:\/\/www.expansion.com\/economia-digital\/companias\/2018\/07\/08\/5b3f2bc246163fed2d8b4631.html\">http:\/\/www.expansion.com\/economia-digital\/companias\/2018\/07\/08\/5b3f2bc246163fed2d8b4631.html<\/a><\/p>\n","protected":false},"excerpt":{"rendered":"<p>&quot;Lenovo ser\u00e1 l\u00edder en PC de consumo en Espa\u00f1a&quot; Miguel Hern\u00e1ndez lleva solo un a\u00f1o y medio en Lenovo, pero parece sentirse como en casa. &quot;Lo mejor que hay en esta empresa es el trabajo en&#8230; http:\/\/www.expansion.com\/economia-digital\/companias\/2018\/07\/08\/5b3f2bc246163fed2d8b4631.html<\/p>\n","protected":false},"author":3,"featured_media":0,"comment_status":"closed","ping_status":"closed","sticky":false,"template":"","format":"standard","meta":{"footnotes":""},"categories":[1],"tags":[],"class_list":["post-2465","post","type-post","status-publish","format-standard","hentry","category-sin-categoria"],"_links":{"self":[{"href":"https:\/\/www.santiagocasas.es\/index.php\/wp-json\/wp\/v2\/posts\/2465","targetHints":{"allow":["GET"]}}],"collection":[{"href":"https:\/\/www.santiagocasas.es\/index.php\/wp-json\/wp\/v2\/posts"}],"about":[{"href":"https:\/\/www.santiagocasas.es\/index.php\/wp-json\/wp\/v2\/types\/post"}],"author":[{"embeddable":true,"href":"https:\/\/www.santiagocasas.es\/index.php\/wp-json\/wp\/v2\/users\/3"}],"replies":[{"embeddable":true,"href":"https:\/\/www.santiagocasas.es\/index.php\/wp-json\/wp\/v2\/comments?post=2465"}],"version-history":[{"count":0,"href":"https:\/\/www.santiagocasas.es\/index.php\/wp-json\/wp\/v2\/posts\/2465\/revisions"}],"wp:attachment":[{"href":"https:\/\/www.santiagocasas.es\/index.php\/wp-json\/wp\/v2\/media?parent=2465"}],"wp:term":[{"taxonomy":"category","embeddable":true,"href":"https:\/\/www.santiagocasas.es\/index.php\/wp-json\/wp\/v2\/categories?post=2465"},{"taxonomy":"post_tag","embeddable":true,"href":"https:\/\/www.santiagocasas.es\/index.php\/wp-json\/wp\/v2\/tags?post=2465"}],"curies":[{"name":"wp","href":"https:\/\/api.w.org\/{rel}","templated":true}]}}