{"id":2479,"date":"2018-07-12T21:59:30","date_gmt":"2018-07-12T19:59:30","guid":{"rendered":"http:\/\/www.santiagocasas.es\/index.php\/2018\/07\/12\/movistar-orange-vodafone-y-masmovil-iran-a-la-primera-subasta-de-5g-que-empieza-la-p-roxima-semana-economia-el-pais\/"},"modified":"2018-07-12T21:59:30","modified_gmt":"2018-07-12T19:59:30","slug":"movistar-orange-vodafone-y-masmovil-iran-a-la-primera-subasta-de-5g-que-empieza-la-p-roxima-semana-economia-el-pais","status":"publish","type":"post","link":"https:\/\/www.santiagocasas.es\/index.php\/2018\/07\/12\/movistar-orange-vodafone-y-masmovil-iran-a-la-primera-subasta-de-5g-que-empieza-la-p-roxima-semana-economia-el-pais\/","title":{"rendered":"Movistar, Orange, Vodafone y M\u00e1sM\u00f3vil ir\u00e1n a la primera subasta de 5G, que empieza la p r\u00f3xima semana | Econom\u00eda | EL PA\u00cdS"},"content":{"rendered":"<p><img decoding=\"async\" width=\"200\" height=\"105\" src=\"https:\/\/ep00.epimg.net\/economia\/imagenes\/2017\/09\/05\/actualidad\/1504627799_633392_1504628388_rrss_normal.jpg\" alt=\"https:\/\/ep00.epimg.net\/economia\/imagenes\/2017\/09\/05\/actualidad\/1504627799_633392_1504628388_rrss_normal.jpg\" \/><\/p>\n<p><a href=\"https:\/\/elpais.com\/economia\/2018\/07\/12\/actualidad\/1531414583_122275.html\">Movistar, Orange, Vodafone y M\u00e1sM\u00f3vil ir\u00e1n a la primera subasta de 5G, que empieza la pr\u00f3xima semana<\/a><\/p>\n<p>El importe de salida de los 200 MHz que se licitan es de 100 millones de euros<\/p>\n<p><a href=\"https:\/\/elpais.com\/economia\/2018\/07\/12\/actualidad\/1531414583_122275.html\">https:\/\/elpais.com\/economia\/2018\/07\/12\/actualidad\/1531414583_122275.html<\/a><\/p>\n","protected":false},"excerpt":{"rendered":"<p>Movistar, Orange, Vodafone y M\u00e1sM\u00f3vil ir\u00e1n a la primera subasta de 5G, que empieza la pr\u00f3xima semana El importe de salida de los 200 MHz que se licitan es de 100 millones de euros https:\/\/elpais.com\/economia\/2018\/07\/12\/actualidad\/1531414583_122275.html<\/p>\n","protected":false},"author":3,"featured_media":0,"comment_status":"closed","ping_status":"closed","sticky":false,"template":"","format":"standard","meta":{"footnotes":""},"categories":[1],"tags":[],"class_list":["post-2479","post","type-post","status-publish","format-standard","hentry","category-sin-categoria"],"_links":{"self":[{"href":"https:\/\/www.santiagocasas.es\/index.php\/wp-json\/wp\/v2\/posts\/2479","targetHints":{"allow":["GET"]}}],"collection":[{"href":"https:\/\/www.santiagocasas.es\/index.php\/wp-json\/wp\/v2\/posts"}],"about":[{"href":"https:\/\/www.santiagocasas.es\/index.php\/wp-json\/wp\/v2\/types\/post"}],"author":[{"embeddable":true,"href":"https:\/\/www.santiagocasas.es\/index.php\/wp-json\/wp\/v2\/users\/3"}],"replies":[{"embeddable":true,"href":"https:\/\/www.santiagocasas.es\/index.php\/wp-json\/wp\/v2\/comments?post=2479"}],"version-history":[{"count":0,"href":"https:\/\/www.santiagocasas.es\/index.php\/wp-json\/wp\/v2\/posts\/2479\/revisions"}],"wp:attachment":[{"href":"https:\/\/www.santiagocasas.es\/index.php\/wp-json\/wp\/v2\/media?parent=2479"}],"wp:term":[{"taxonomy":"category","embeddable":true,"href":"https:\/\/www.santiagocasas.es\/index.php\/wp-json\/wp\/v2\/categories?post=2479"},{"taxonomy":"post_tag","embeddable":true,"href":"https:\/\/www.santiagocasas.es\/index.php\/wp-json\/wp\/v2\/tags?post=2479"}],"curies":[{"name":"wp","href":"https:\/\/api.w.org\/{rel}","templated":true}]}}