{"id":2480,"date":"2018-07-16T15:42:26","date_gmt":"2018-07-16T13:42:26","guid":{"rendered":"http:\/\/www.santiagocasas.es\/index.php\/2018\/07\/16\/derechos-digitales-si-despues-de-un-amplio-debate\/"},"modified":"2018-07-16T15:42:26","modified_gmt":"2018-07-16T13:42:26","slug":"derechos-digitales-si-despues-de-un-amplio-debate","status":"publish","type":"post","link":"https:\/\/www.santiagocasas.es\/index.php\/2018\/07\/16\/derechos-digitales-si-despues-de-un-amplio-debate\/","title":{"rendered":"DERECHOS DIGITALES S\u00cd, DESPU\u00c9S DE UN AMPLIO DEBATE"},"content":{"rendered":"<p><img decoding=\"async\" width=\"200\" height=\"143\" src=\"https:\/\/www.adeces.org\/wp-content\/uploads\/2018\/07\/stock-photo-shopping-purchase-order-discount-concept-525913372.jpg\" alt=\"https:\/\/www.adeces.org\/wp-content\/uploads\/2018\/07\/stock-photo-shopping-purchase-order-discount-concept-525913372.jpg\" \/><\/p>\n<p><a href=\"https:\/\/www.adeces.org\/derechos-digitales-si-despues-de-un-amplio-debate\/\">DERECHOS DIGITALES S\u00cd, DESPU\u00c9S DE UN AMPLIO DEBATE<\/a><\/p>\n<p>Construimos v\u00edas innovadoras para promover el debate, la defensa y el desarrollo de los derechos civiles, econ\u00f3micos y sociales de todos los ciudadanos<\/p>\n<p><a href=\"https:\/\/www.adeces.org\/derechos-digitales-si-despues-de-un-amplio-debate\/\">https:\/\/www.adeces.org\/derechos-digitales-si-despues-de-un-amplio-debate\/<\/a><\/p>\n","protected":false},"excerpt":{"rendered":"<p>DERECHOS DIGITALES S\u00cd, DESPU\u00c9S DE UN AMPLIO DEBATE Construimos v\u00edas innovadoras para promover el debate, la defensa y el desarrollo de los derechos civiles, econ\u00f3micos y sociales de todos los ciudadanos https:\/\/www.adeces.org\/derechos-digitales-si-despues-de-un-amplio-debate\/<\/p>\n","protected":false},"author":3,"featured_media":0,"comment_status":"closed","ping_status":"closed","sticky":false,"template":"","format":"standard","meta":{"footnotes":""},"categories":[1],"tags":[],"class_list":["post-2480","post","type-post","status-publish","format-standard","hentry","category-sin-categoria"],"_links":{"self":[{"href":"https:\/\/www.santiagocasas.es\/index.php\/wp-json\/wp\/v2\/posts\/2480","targetHints":{"allow":["GET"]}}],"collection":[{"href":"https:\/\/www.santiagocasas.es\/index.php\/wp-json\/wp\/v2\/posts"}],"about":[{"href":"https:\/\/www.santiagocasas.es\/index.php\/wp-json\/wp\/v2\/types\/post"}],"author":[{"embeddable":true,"href":"https:\/\/www.santiagocasas.es\/index.php\/wp-json\/wp\/v2\/users\/3"}],"replies":[{"embeddable":true,"href":"https:\/\/www.santiagocasas.es\/index.php\/wp-json\/wp\/v2\/comments?post=2480"}],"version-history":[{"count":0,"href":"https:\/\/www.santiagocasas.es\/index.php\/wp-json\/wp\/v2\/posts\/2480\/revisions"}],"wp:attachment":[{"href":"https:\/\/www.santiagocasas.es\/index.php\/wp-json\/wp\/v2\/media?parent=2480"}],"wp:term":[{"taxonomy":"category","embeddable":true,"href":"https:\/\/www.santiagocasas.es\/index.php\/wp-json\/wp\/v2\/categories?post=2480"},{"taxonomy":"post_tag","embeddable":true,"href":"https:\/\/www.santiagocasas.es\/index.php\/wp-json\/wp\/v2\/tags?post=2480"}],"curies":[{"name":"wp","href":"https:\/\/api.w.org\/{rel}","templated":true}]}}