{"id":2490,"date":"2018-07-18T18:02:38","date_gmt":"2018-07-18T16:02:38","guid":{"rendered":"http:\/\/www.santiagocasas.es\/index.php\/2018\/07\/18\/las-cabinas-y-las-guias-telefonicas-tienen-los-meses-contados-economia-el-pais\/"},"modified":"2018-07-18T18:02:38","modified_gmt":"2018-07-18T16:02:38","slug":"las-cabinas-y-las-guias-telefonicas-tienen-los-meses-contados-economia-el-pais","status":"publish","type":"post","link":"https:\/\/www.santiagocasas.es\/index.php\/2018\/07\/18\/las-cabinas-y-las-guias-telefonicas-tienen-los-meses-contados-economia-el-pais\/","title":{"rendered":"Las cabinas y las gu\u00edas telef\u00f3nicas tienen los meses contados | Econom\u00eda | EL PA\u00cdS"},"content":{"rendered":"<p><img decoding=\"async\" width=\"200\" height=\"105\" src=\"https:\/\/ep00.epimg.net\/tecnologia\/imagenes\/2018\/05\/11\/actualidad\/1526033756_051998_1526034126_rrss_normal.jpg\" alt=\"https:\/\/ep00.epimg.net\/tecnologia\/imagenes\/2018\/05\/11\/actualidad\/1526033756_051998_1526034126_rrss_normal.jpg\" \/><\/p>\n<p><a href=\"https:\/\/elpais.com\/economia\/2018\/07\/18\/actualidad\/1531914079_493763.html\">Las cabinas y las gu\u00edas telef\u00f3nicas tienen los meses contados<\/a><\/p>\n<p>Ambas prestaciones desaparecer\u00e1n como servicio p\u00fablico en 2019 tras cambiarse la ley<\/p>\n<p><a href=\"https:\/\/elpais.com\/economia\/2018\/07\/18\/actualidad\/1531914079_493763.html\">https:\/\/elpais.com\/economia\/2018\/07\/18\/actualidad\/1531914079_493763.html<\/a><\/p>\n","protected":false},"excerpt":{"rendered":"<p>Las cabinas y las gu\u00edas telef\u00f3nicas tienen los meses contados Ambas prestaciones desaparecer\u00e1n como servicio p\u00fablico en 2019 tras cambiarse la ley https:\/\/elpais.com\/economia\/2018\/07\/18\/actualidad\/1531914079_493763.html<\/p>\n","protected":false},"author":3,"featured_media":0,"comment_status":"closed","ping_status":"closed","sticky":false,"template":"","format":"standard","meta":{"footnotes":""},"categories":[1],"tags":[],"class_list":["post-2490","post","type-post","status-publish","format-standard","hentry","category-sin-categoria"],"_links":{"self":[{"href":"https:\/\/www.santiagocasas.es\/index.php\/wp-json\/wp\/v2\/posts\/2490","targetHints":{"allow":["GET"]}}],"collection":[{"href":"https:\/\/www.santiagocasas.es\/index.php\/wp-json\/wp\/v2\/posts"}],"about":[{"href":"https:\/\/www.santiagocasas.es\/index.php\/wp-json\/wp\/v2\/types\/post"}],"author":[{"embeddable":true,"href":"https:\/\/www.santiagocasas.es\/index.php\/wp-json\/wp\/v2\/users\/3"}],"replies":[{"embeddable":true,"href":"https:\/\/www.santiagocasas.es\/index.php\/wp-json\/wp\/v2\/comments?post=2490"}],"version-history":[{"count":0,"href":"https:\/\/www.santiagocasas.es\/index.php\/wp-json\/wp\/v2\/posts\/2490\/revisions"}],"wp:attachment":[{"href":"https:\/\/www.santiagocasas.es\/index.php\/wp-json\/wp\/v2\/media?parent=2490"}],"wp:term":[{"taxonomy":"category","embeddable":true,"href":"https:\/\/www.santiagocasas.es\/index.php\/wp-json\/wp\/v2\/categories?post=2490"},{"taxonomy":"post_tag","embeddable":true,"href":"https:\/\/www.santiagocasas.es\/index.php\/wp-json\/wp\/v2\/tags?post=2490"}],"curies":[{"name":"wp","href":"https:\/\/api.w.org\/{rel}","templated":true}]}}