{"id":2491,"date":"2018-07-18T18:03:57","date_gmt":"2018-07-18T16:03:57","guid":{"rendered":"http:\/\/www.santiagocasas.es\/index.php\/2018\/07\/18\/las-universidades-tienen-pendiente-un-cambio-de-cultura-tecnologica-espana-el-pais\/"},"modified":"2018-07-18T18:03:57","modified_gmt":"2018-07-18T16:03:57","slug":"las-universidades-tienen-pendiente-un-cambio-de-cultura-tecnologica-espana-el-pais","status":"publish","type":"post","link":"https:\/\/www.santiagocasas.es\/index.php\/2018\/07\/18\/las-universidades-tienen-pendiente-un-cambio-de-cultura-tecnologica-espana-el-pais\/","title":{"rendered":"Las universidades tienen pendiente un cambio de cultura tecnol\u00f3gica | Espa\u00f1a | EL PA\u00cdS"},"content":{"rendered":"<p><img decoding=\"async\" width=\"200\" height=\"105\" src=\"https:\/\/ep00.epimg.net\/politica\/imagenes\/2018\/07\/18\/actualidad\/1531918040_119786_1531920388_rrss_normal.jpg\" alt=\"https:\/\/ep00.epimg.net\/politica\/imagenes\/2018\/07\/18\/actualidad\/1531918040_119786_1531920388_rrss_normal.jpg\" \/><\/p>\n<p><a href=\"https:\/\/elpais.com\/politica\/2018\/07\/18\/actualidad\/1531918040_119786.html\">Las universidades tienen pendiente un cambio de cultura tecnol\u00f3gica<\/a><\/p>\n<p>Los estudiantes ven el m\u00f3vil como una herramienta habitual en un aula y tenemos que afrontarlo con cierta urgencia , advierte Juan G\u00f3mez, de la conferencia de rectores<\/p>\n<p><a href=\"https:\/\/elpais.com\/politica\/2018\/07\/18\/actualidad\/1531918040_119786.html\">https:\/\/elpais.com\/politica\/2018\/07\/18\/actualidad\/1531918040_119786.html<\/a><\/p>\n","protected":false},"excerpt":{"rendered":"<p>Las universidades tienen pendiente un cambio de cultura tecnol\u00f3gica Los estudiantes ven el m\u00f3vil como una herramienta habitual en un aula y tenemos que afrontarlo con cierta urgencia , advierte Juan G\u00f3mez, de la conferencia de rectores https:\/\/elpais.com\/politica\/2018\/07\/18\/actualidad\/1531918040_119786.html<\/p>\n","protected":false},"author":3,"featured_media":0,"comment_status":"closed","ping_status":"closed","sticky":false,"template":"","format":"standard","meta":{"footnotes":""},"categories":[1],"tags":[],"class_list":["post-2491","post","type-post","status-publish","format-standard","hentry","category-sin-categoria"],"_links":{"self":[{"href":"https:\/\/www.santiagocasas.es\/index.php\/wp-json\/wp\/v2\/posts\/2491","targetHints":{"allow":["GET"]}}],"collection":[{"href":"https:\/\/www.santiagocasas.es\/index.php\/wp-json\/wp\/v2\/posts"}],"about":[{"href":"https:\/\/www.santiagocasas.es\/index.php\/wp-json\/wp\/v2\/types\/post"}],"author":[{"embeddable":true,"href":"https:\/\/www.santiagocasas.es\/index.php\/wp-json\/wp\/v2\/users\/3"}],"replies":[{"embeddable":true,"href":"https:\/\/www.santiagocasas.es\/index.php\/wp-json\/wp\/v2\/comments?post=2491"}],"version-history":[{"count":0,"href":"https:\/\/www.santiagocasas.es\/index.php\/wp-json\/wp\/v2\/posts\/2491\/revisions"}],"wp:attachment":[{"href":"https:\/\/www.santiagocasas.es\/index.php\/wp-json\/wp\/v2\/media?parent=2491"}],"wp:term":[{"taxonomy":"category","embeddable":true,"href":"https:\/\/www.santiagocasas.es\/index.php\/wp-json\/wp\/v2\/categories?post=2491"},{"taxonomy":"post_tag","embeddable":true,"href":"https:\/\/www.santiagocasas.es\/index.php\/wp-json\/wp\/v2\/tags?post=2491"}],"curies":[{"name":"wp","href":"https:\/\/api.w.org\/{rel}","templated":true}]}}