{"id":2494,"date":"2018-07-21T16:30:26","date_gmt":"2018-07-21T14:30:26","guid":{"rendered":"http:\/\/www.santiagocasas.es\/index.php\/2018\/07\/21\/un-57-de-los-espanoles-teme-ser-rastreado-a-traves-de-la-geolocalizacion-de-sus-dispos-itivos\/"},"modified":"2018-07-21T16:30:26","modified_gmt":"2018-07-21T14:30:26","slug":"un-57-de-los-espanoles-teme-ser-rastreado-a-traves-de-la-geolocalizacion-de-sus-dispos-itivos","status":"publish","type":"post","link":"https:\/\/www.santiagocasas.es\/index.php\/2018\/07\/21\/un-57-de-los-espanoles-teme-ser-rastreado-a-traves-de-la-geolocalizacion-de-sus-dispos-itivos\/","title":{"rendered":"Un 57% de los espa\u00f1oles teme ser rastreado a trav\u00e9s de la geolocalizaci\u00f3n de sus dispos itivos"},"content":{"rendered":"<p><img decoding=\"async\" width=\"200\" height=\"155\" src=\"https:\/\/img.europapress.es\/fotoweb\/fotonoticia_20180719151202_800.jpg\" alt=\"https:\/\/img.europapress.es\/fotoweb\/fotonoticia_20180719151202_800.jpg\" \/><\/p>\n<p><a href=\"http:\/\/www.europapress.es\/portaltic\/ciberseguridad\/noticia-57-espanoles-teme-ser-rastreado-traves-geolocalizacion-dispositivos-20180719151202.html\">Un 57% de los espa\u00f1oles teme ser rastreado a trav\u00e9s de la geolocalizaci\u00f3n de sus dispositivos<\/a><\/p>\n<p>Los espa\u00f1oles se muestran preocupados por el uso de herramientas de geolocalizaci\u00f3n por parte de aplicaciones a trav\u00e9s de sus dispositivos como los&#8230;<\/p>\n<p><a href=\"http:\/\/www.europapress.es\/portaltic\/ciberseguridad\/noticia-57-espanoles-teme-ser-rastreado-traves-geolocalizacion-dispositivos-20180719151202.html\">http:\/\/www.europapress.es\/portaltic\/ciberseguridad\/noticia-57-espanoles-teme-ser-rastreado-traves-geolocalizacion-dispositivos-20180719151202.html<\/a><\/p>\n","protected":false},"excerpt":{"rendered":"<p>Un 57% de los espa\u00f1oles teme ser rastreado a trav\u00e9s de la geolocalizaci\u00f3n de sus dispositivos Los espa\u00f1oles se muestran preocupados por el uso de herramientas de geolocalizaci\u00f3n por parte de aplicaciones a trav\u00e9s de sus dispositivos como los&#8230; http:\/\/www.europapress.es\/portaltic\/ciberseguridad\/noticia-57-espanoles-teme-ser-rastreado-traves-geolocalizacion-dispositivos-20180719151202.html<\/p>\n","protected":false},"author":3,"featured_media":0,"comment_status":"closed","ping_status":"closed","sticky":false,"template":"","format":"standard","meta":{"footnotes":""},"categories":[1],"tags":[],"class_list":["post-2494","post","type-post","status-publish","format-standard","hentry","category-sin-categoria"],"_links":{"self":[{"href":"https:\/\/www.santiagocasas.es\/index.php\/wp-json\/wp\/v2\/posts\/2494","targetHints":{"allow":["GET"]}}],"collection":[{"href":"https:\/\/www.santiagocasas.es\/index.php\/wp-json\/wp\/v2\/posts"}],"about":[{"href":"https:\/\/www.santiagocasas.es\/index.php\/wp-json\/wp\/v2\/types\/post"}],"author":[{"embeddable":true,"href":"https:\/\/www.santiagocasas.es\/index.php\/wp-json\/wp\/v2\/users\/3"}],"replies":[{"embeddable":true,"href":"https:\/\/www.santiagocasas.es\/index.php\/wp-json\/wp\/v2\/comments?post=2494"}],"version-history":[{"count":0,"href":"https:\/\/www.santiagocasas.es\/index.php\/wp-json\/wp\/v2\/posts\/2494\/revisions"}],"wp:attachment":[{"href":"https:\/\/www.santiagocasas.es\/index.php\/wp-json\/wp\/v2\/media?parent=2494"}],"wp:term":[{"taxonomy":"category","embeddable":true,"href":"https:\/\/www.santiagocasas.es\/index.php\/wp-json\/wp\/v2\/categories?post=2494"},{"taxonomy":"post_tag","embeddable":true,"href":"https:\/\/www.santiagocasas.es\/index.php\/wp-json\/wp\/v2\/tags?post=2494"}],"curies":[{"name":"wp","href":"https:\/\/api.w.org\/{rel}","templated":true}]}}