{"id":2495,"date":"2018-07-21T18:14:59","date_gmt":"2018-07-21T16:14:59","guid":{"rendered":"http:\/\/www.santiagocasas.es\/index.php\/2018\/07\/21\/asi-vive-la-primera-familia-que-se-ha-mudado-a-una-casa-impresa-en-3d-idealista-news\/"},"modified":"2018-07-21T18:14:59","modified_gmt":"2018-07-21T16:14:59","slug":"asi-vive-la-primera-familia-que-se-ha-mudado-a-una-casa-impresa-en-3d-idealista-news","status":"publish","type":"post","link":"https:\/\/www.santiagocasas.es\/index.php\/2018\/07\/21\/asi-vive-la-primera-familia-que-se-ha-mudado-a-una-casa-impresa-en-3d-idealista-news\/","title":{"rendered":"As\u00ed vive la primera familia que se ha mudado a una casa impresa en 3D \u2014 idealista\/news"},"content":{"rendered":"<p><img decoding=\"async\" width=\"200\" height=\"110\" src=\"https:\/\/st3.idealista.com\/news\/archivos\/2018-07\/universidad_de_nantes.jpg?sv=Hmmgm2Td\" alt=\"https:\/\/st3.idealista.com\/news\/archivos\/2018-07\/universidad_de_nantes.jpg?sv=Hmmgm2Td\" \/><\/p>\n<p><a href=\"https:\/\/www.idealista.com\/news\/inmobiliario\/internacional\/2018\/07\/16\/766552-asi-vive-la-primera-familia-que-se-ha-mudado-a-una-casa-impresa-en-3d?amp=1\">As\u00ed vive la primera familia que se ha mudado a una casa impresa en 3D<\/a><\/p>\n<p>Hasta ahora hab\u00edamos visto varios proyectos y modelos de casas impresas en 3D, una tecnolog\u00eda que solo ha empezado a asomar la cabeza en el mercado. Sin embargo, poco se sab\u00eda sobre sus inquilinos, puesto que de momento todas las construcciones eran prototipos. Recientemente una familia de cinco personas se ha trasladado a una vivienda social en Francia construida por un brazo rob\u00f3tico y tecnolog\u00eda de impresi\u00f3n 3D. Seg\u00fan el Ayuntamiento de Nantes, es la primera vivienda de este tipo en ser hab\u2026<\/p>\n<p><a href=\"https:\/\/www.idealista.com\/news\/inmobiliario\/internacional\/2018\/07\/16\/766552-asi-vive-la-primera-familia-que-se-ha-mudado-a-una-casa-impresa-en-3d?amp=1\">https:\/\/www.idealista.com\/news\/inmobiliario\/internacional\/2018\/07\/16\/766552-asi-vive-la-primera-familia-que-se-ha-mudado-a-una-casa-impresa-en-3d?amp=1<\/a><\/p>\n","protected":false},"excerpt":{"rendered":"<p>As\u00ed vive la primera familia que se ha mudado a una casa impresa en 3D Hasta ahora hab\u00edamos visto varios proyectos y modelos de casas impresas en 3D, una tecnolog\u00eda que solo ha empezado a asomar la cabeza en el mercado. Sin embargo, poco se sab\u00eda sobre sus inquilinos, puesto que de momento todas las&hellip;<a href=\"https:\/\/www.santiagocasas.es\/index.php\/2018\/07\/21\/asi-vive-la-primera-familia-que-se-ha-mudado-a-una-casa-impresa-en-3d-idealista-news\/\" class=\"more-link\">Contin\u00faa leyendo <span class=\"screen-reader-text\">As\u00ed vive la primera familia que se ha mudado a una casa impresa en 3D \u2014 idealista\/news<\/span><\/a><\/p>\n","protected":false},"author":3,"featured_media":0,"comment_status":"closed","ping_status":"closed","sticky":false,"template":"","format":"standard","meta":{"footnotes":""},"categories":[1],"tags":[],"class_list":["post-2495","post","type-post","status-publish","format-standard","hentry","category-sin-categoria"],"_links":{"self":[{"href":"https:\/\/www.santiagocasas.es\/index.php\/wp-json\/wp\/v2\/posts\/2495","targetHints":{"allow":["GET"]}}],"collection":[{"href":"https:\/\/www.santiagocasas.es\/index.php\/wp-json\/wp\/v2\/posts"}],"about":[{"href":"https:\/\/www.santiagocasas.es\/index.php\/wp-json\/wp\/v2\/types\/post"}],"author":[{"embeddable":true,"href":"https:\/\/www.santiagocasas.es\/index.php\/wp-json\/wp\/v2\/users\/3"}],"replies":[{"embeddable":true,"href":"https:\/\/www.santiagocasas.es\/index.php\/wp-json\/wp\/v2\/comments?post=2495"}],"version-history":[{"count":0,"href":"https:\/\/www.santiagocasas.es\/index.php\/wp-json\/wp\/v2\/posts\/2495\/revisions"}],"wp:attachment":[{"href":"https:\/\/www.santiagocasas.es\/index.php\/wp-json\/wp\/v2\/media?parent=2495"}],"wp:term":[{"taxonomy":"category","embeddable":true,"href":"https:\/\/www.santiagocasas.es\/index.php\/wp-json\/wp\/v2\/categories?post=2495"},{"taxonomy":"post_tag","embeddable":true,"href":"https:\/\/www.santiagocasas.es\/index.php\/wp-json\/wp\/v2\/tags?post=2495"}],"curies":[{"name":"wp","href":"https:\/\/api.w.org\/{rel}","templated":true}]}}