{"id":2507,"date":"2018-08-01T15:03:51","date_gmt":"2018-08-01T13:03:51","guid":{"rendered":"http:\/\/www.santiagocasas.es\/index.php\/2018\/08\/01\/polemica-por-la-cesion-de-datos-de-dropbox-a-terceros-tecnologia-el-pais\/"},"modified":"2018-08-01T15:03:51","modified_gmt":"2018-08-01T13:03:51","slug":"polemica-por-la-cesion-de-datos-de-dropbox-a-terceros-tecnologia-el-pais","status":"publish","type":"post","link":"https:\/\/www.santiagocasas.es\/index.php\/2018\/08\/01\/polemica-por-la-cesion-de-datos-de-dropbox-a-terceros-tecnologia-el-pais\/","title":{"rendered":"Pol\u00e9mica por la cesi\u00f3n de datos de Dropbox a terceros | Tecnolog\u00eda | EL PA\u00cdS"},"content":{"rendered":"<p><img decoding=\"async\" width=\"200\" height=\"105\" src=\"https:\/\/ep00.epimg.net\/tecnologia\/imagenes\/2018\/07\/27\/actualidad\/1532682876_776484_1532943724_rrss_normal.jpg\" alt=\"https:\/\/ep00.epimg.net\/tecnologia\/imagenes\/2018\/07\/27\/actualidad\/1532682876_776484_1532943724_rrss_normal.jpg\" \/><\/p>\n<p><a href=\"https:\/\/elpais.com\/tecnologia\/2018\/07\/27\/actualidad\/1532682876_776484.html\">Pol\u00e9mica por la cesi\u00f3n de datos de Dropbox a terceros<\/a><\/p>\n<p>La compa\u00f1\u00eda sostiene que los datos cedidos son an\u00f3nimos<\/p>\n<p><a href=\"https:\/\/elpais.com\/tecnologia\/2018\/07\/27\/actualidad\/1532682876_776484.html\">https:\/\/elpais.com\/tecnologia\/2018\/07\/27\/actualidad\/1532682876_776484.html<\/a><\/p>\n","protected":false},"excerpt":{"rendered":"<p>Pol\u00e9mica por la cesi\u00f3n de datos de Dropbox a terceros La compa\u00f1\u00eda sostiene que los datos cedidos son an\u00f3nimos https:\/\/elpais.com\/tecnologia\/2018\/07\/27\/actualidad\/1532682876_776484.html<\/p>\n","protected":false},"author":3,"featured_media":0,"comment_status":"closed","ping_status":"closed","sticky":false,"template":"","format":"standard","meta":{"footnotes":""},"categories":[1],"tags":[],"class_list":["post-2507","post","type-post","status-publish","format-standard","hentry","category-sin-categoria"],"_links":{"self":[{"href":"https:\/\/www.santiagocasas.es\/index.php\/wp-json\/wp\/v2\/posts\/2507","targetHints":{"allow":["GET"]}}],"collection":[{"href":"https:\/\/www.santiagocasas.es\/index.php\/wp-json\/wp\/v2\/posts"}],"about":[{"href":"https:\/\/www.santiagocasas.es\/index.php\/wp-json\/wp\/v2\/types\/post"}],"author":[{"embeddable":true,"href":"https:\/\/www.santiagocasas.es\/index.php\/wp-json\/wp\/v2\/users\/3"}],"replies":[{"embeddable":true,"href":"https:\/\/www.santiagocasas.es\/index.php\/wp-json\/wp\/v2\/comments?post=2507"}],"version-history":[{"count":0,"href":"https:\/\/www.santiagocasas.es\/index.php\/wp-json\/wp\/v2\/posts\/2507\/revisions"}],"wp:attachment":[{"href":"https:\/\/www.santiagocasas.es\/index.php\/wp-json\/wp\/v2\/media?parent=2507"}],"wp:term":[{"taxonomy":"category","embeddable":true,"href":"https:\/\/www.santiagocasas.es\/index.php\/wp-json\/wp\/v2\/categories?post=2507"},{"taxonomy":"post_tag","embeddable":true,"href":"https:\/\/www.santiagocasas.es\/index.php\/wp-json\/wp\/v2\/tags?post=2507"}],"curies":[{"name":"wp","href":"https:\/\/api.w.org\/{rel}","templated":true}]}}