{"id":2579,"date":"2018-08-13T20:02:47","date_gmt":"2018-08-13T18:02:47","guid":{"rendered":"http:\/\/www.santiagocasas.es\/index.php\/2018\/08\/13\/la-maquina-que-nos-cambio-la-vida-edicion-impresa-el-pais\/"},"modified":"2018-08-13T20:02:47","modified_gmt":"2018-08-13T18:02:47","slug":"la-maquina-que-nos-cambio-la-vida-edicion-impresa-el-pais","status":"publish","type":"post","link":"https:\/\/www.santiagocasas.es\/index.php\/2018\/08\/13\/la-maquina-que-nos-cambio-la-vida-edicion-impresa-el-pais\/","title":{"rendered":"La m\u00e1quina que nos cambi\u00f3 la vida | Edici\u00f3n impresa | EL PA\u00cdS"},"content":{"rendered":"<p><img decoding=\"async\" width=\"200\" height=\"186\" src=\"https:\/\/ep00.epimg.net\/diario\/imagenes\/2006\/08\/06\/domingo\/1154836353_850215_1533917346_noticia_normal.jpg\" alt=\"https:\/\/ep00.epimg.net\/diario\/imagenes\/2006\/08\/06\/domingo\/1154836353_850215_1533917346_noticia_normal.jpg\" \/><\/p>\n<p><a href=\"https:\/\/elpais.com\/diario\/2006\/08\/06\/domingo\/1154836353_850215.html\">Reportaje | La m\u00e1quina que nos cambi\u00f3 la vida<\/a><\/p>\n<p>La historia del ordenador personal comenz\u00f3 un d\u00eda como hoy de 1981. Tras casi cuatro d\u00e9cadas entre nosotros, la venta del modelo 5150 de IBM supuso una de las mayores revoluciones tecnol\u00f3gicas<\/p>\n<p><a href=\"https:\/\/elpais.com\/diario\/2006\/08\/06\/domingo\/1154836353_850215.html\">https:\/\/elpais.com\/diario\/2006\/08\/06\/domingo\/1154836353_850215.html<\/a><\/p>\n","protected":false},"excerpt":{"rendered":"<p>Reportaje | La m\u00e1quina que nos cambi\u00f3 la vida La historia del ordenador personal comenz\u00f3 un d\u00eda como hoy de 1981. Tras casi cuatro d\u00e9cadas entre nosotros, la venta del modelo 5150 de IBM supuso una de las mayores revoluciones tecnol\u00f3gicas https:\/\/elpais.com\/diario\/2006\/08\/06\/domingo\/1154836353_850215.html<\/p>\n","protected":false},"author":3,"featured_media":0,"comment_status":"closed","ping_status":"closed","sticky":false,"template":"","format":"standard","meta":{"footnotes":""},"categories":[1],"tags":[],"class_list":["post-2579","post","type-post","status-publish","format-standard","hentry","category-sin-categoria"],"_links":{"self":[{"href":"https:\/\/www.santiagocasas.es\/index.php\/wp-json\/wp\/v2\/posts\/2579","targetHints":{"allow":["GET"]}}],"collection":[{"href":"https:\/\/www.santiagocasas.es\/index.php\/wp-json\/wp\/v2\/posts"}],"about":[{"href":"https:\/\/www.santiagocasas.es\/index.php\/wp-json\/wp\/v2\/types\/post"}],"author":[{"embeddable":true,"href":"https:\/\/www.santiagocasas.es\/index.php\/wp-json\/wp\/v2\/users\/3"}],"replies":[{"embeddable":true,"href":"https:\/\/www.santiagocasas.es\/index.php\/wp-json\/wp\/v2\/comments?post=2579"}],"version-history":[{"count":0,"href":"https:\/\/www.santiagocasas.es\/index.php\/wp-json\/wp\/v2\/posts\/2579\/revisions"}],"wp:attachment":[{"href":"https:\/\/www.santiagocasas.es\/index.php\/wp-json\/wp\/v2\/media?parent=2579"}],"wp:term":[{"taxonomy":"category","embeddable":true,"href":"https:\/\/www.santiagocasas.es\/index.php\/wp-json\/wp\/v2\/categories?post=2579"},{"taxonomy":"post_tag","embeddable":true,"href":"https:\/\/www.santiagocasas.es\/index.php\/wp-json\/wp\/v2\/tags?post=2579"}],"curies":[{"name":"wp","href":"https:\/\/api.w.org\/{rel}","templated":true}]}}