{"id":2691,"date":"2018-12-06T11:37:46","date_gmt":"2018-12-06T10:37:46","guid":{"rendered":"http:\/\/www.santiagocasas.es\/index.php\/2018\/12\/06\/telefonica-cambia-las-tarifas-de-movistar-fusion-e-integra-netflix-economia-el-pais\/"},"modified":"2018-12-06T11:37:46","modified_gmt":"2018-12-06T10:37:46","slug":"telefonica-cambia-las-tarifas-de-movistar-fusion-e-integra-netflix-economia-el-pais","status":"publish","type":"post","link":"https:\/\/www.santiagocasas.es\/index.php\/2018\/12\/06\/telefonica-cambia-las-tarifas-de-movistar-fusion-e-integra-netflix-economia-el-pais\/","title":{"rendered":"Telef\u00f3nica cambia las tarifas de Movistar Fusi\u00f3n e integra Netflix | Econom\u00eda | EL PA\u00cdS"},"content":{"rendered":"<p><img decoding=\"async\" width=\"200\" height=\"105\" src=\"https:\/\/ep00.epimg.net\/economia\/imagenes\/2018\/12\/05\/actualidad\/1544030246_046432_1544030319_rrss_normal.jpg\" alt=\"https:\/\/ep00.epimg.net\/economia\/imagenes\/2018\/12\/05\/actualidad\/1544030246_046432_1544030319_rrss_normal.jpg\" \/><\/p>\n<p><a href=\"https:\/\/elpais.com\/economia\/2018\/12\/05\/actualidad\/1544030246_046432.html\">Telef\u00f3nica cambia las tarifas de Movistar Fusi\u00f3n e integra Netflix<\/a><\/p>\n<p>Las novedades solo afectan al cat\u00e1logo antiguo de los paquetes contratados antes de octubre que suben o congelan su precio<\/p>\n<p><a href=\"https:\/\/elpais.com\/economia\/2018\/12\/05\/actualidad\/1544030246_046432.html\">https:\/\/elpais.com\/economia\/2018\/12\/05\/actualidad\/1544030246_046432.html<\/a><\/p>\n","protected":false},"excerpt":{"rendered":"<p>Telef\u00f3nica cambia las tarifas de Movistar Fusi\u00f3n e integra Netflix Las novedades solo afectan al cat\u00e1logo antiguo de los paquetes contratados antes de octubre que suben o congelan su precio https:\/\/elpais.com\/economia\/2018\/12\/05\/actualidad\/1544030246_046432.html<\/p>\n","protected":false},"author":3,"featured_media":0,"comment_status":"closed","ping_status":"closed","sticky":false,"template":"","format":"standard","meta":{"footnotes":""},"categories":[1],"tags":[],"class_list":["post-2691","post","type-post","status-publish","format-standard","hentry","category-sin-categoria"],"_links":{"self":[{"href":"https:\/\/www.santiagocasas.es\/index.php\/wp-json\/wp\/v2\/posts\/2691","targetHints":{"allow":["GET"]}}],"collection":[{"href":"https:\/\/www.santiagocasas.es\/index.php\/wp-json\/wp\/v2\/posts"}],"about":[{"href":"https:\/\/www.santiagocasas.es\/index.php\/wp-json\/wp\/v2\/types\/post"}],"author":[{"embeddable":true,"href":"https:\/\/www.santiagocasas.es\/index.php\/wp-json\/wp\/v2\/users\/3"}],"replies":[{"embeddable":true,"href":"https:\/\/www.santiagocasas.es\/index.php\/wp-json\/wp\/v2\/comments?post=2691"}],"version-history":[{"count":0,"href":"https:\/\/www.santiagocasas.es\/index.php\/wp-json\/wp\/v2\/posts\/2691\/revisions"}],"wp:attachment":[{"href":"https:\/\/www.santiagocasas.es\/index.php\/wp-json\/wp\/v2\/media?parent=2691"}],"wp:term":[{"taxonomy":"category","embeddable":true,"href":"https:\/\/www.santiagocasas.es\/index.php\/wp-json\/wp\/v2\/categories?post=2691"},{"taxonomy":"post_tag","embeddable":true,"href":"https:\/\/www.santiagocasas.es\/index.php\/wp-json\/wp\/v2\/tags?post=2691"}],"curies":[{"name":"wp","href":"https:\/\/api.w.org\/{rel}","templated":true}]}}