{"id":2701,"date":"2018-12-16T12:24:48","date_gmt":"2018-12-16T11:24:48","guid":{"rendered":"http:\/\/www.santiagocasas.es\/index.php\/2018\/12\/16\/el-instituto-tecnologico-telefonica-lanza-un-titulo-en-big-data\/"},"modified":"2018-12-16T12:24:48","modified_gmt":"2018-12-16T11:24:48","slug":"el-instituto-tecnologico-telefonica-lanza-un-titulo-en-big-data","status":"publish","type":"post","link":"https:\/\/www.santiagocasas.es\/index.php\/2018\/12\/16\/el-instituto-tecnologico-telefonica-lanza-un-titulo-en-big-data\/","title":{"rendered":"El Instituto Tecnol\u00f3gico Telef\u00f3nica lanza un t\u00edtulo en Big Data"},"content":{"rendered":"<p><img decoding=\"async\" width=\"200\" height=\"134\" src=\"https:\/\/www.efeempresas.com\/files\/2017\/12\/telefonica-edificio.jpg\" alt=\"https:\/\/www.efeempresas.com\/files\/2017\/12\/telefonica-edificio.jpg\" \/><\/p>\n<p><a href=\"https:\/\/www.efeempresas.com\/noticia\/telefonica-big-data\/?fbclid=IwAR3Q87aUHLV_0bHLFIEedF7rGXL9khuEnfkCFCzngdWqFLtpVxPF1dO2-vI\">El Instituto Tecnol\u00f3gico Telef\u00f3nica lanza un t\u00edtulo en Big Data<\/a><\/p>\n<p>El curso de Telef\u00f3nica comenzar\u00e1 en enero, ser\u00e1 presencial, con horario ser\u00e1 de lunes a jueves de 19,00 a 22,00 h, y tendr\u00e1 una duraci\u00f3n de seis meses.<\/p>\n<p><a href=\"https:\/\/www.efeempresas.com\/noticia\/telefonica-big-data\/?fbclid=IwAR3Q87aUHLV_0bHLFIEedF7rGXL9khuEnfkCFCzngdWqFLtpVxPF1dO2-vI\">https:\/\/www.efeempresas.com\/noticia\/telefonica-big-data\/?fbclid=IwAR3Q87aUHLV_0bHLFIEedF7rGXL9khuEnfkCFCzngdWqFLtpVxPF1dO2-vI<\/a><\/p>\n","protected":false},"excerpt":{"rendered":"<p>El Instituto Tecnol\u00f3gico Telef\u00f3nica lanza un t\u00edtulo en Big Data El curso de Telef\u00f3nica comenzar\u00e1 en enero, ser\u00e1 presencial, con horario ser\u00e1 de lunes a jueves de 19,00 a 22,00 h, y tendr\u00e1 una duraci\u00f3n de seis meses. https:\/\/www.efeempresas.com\/noticia\/telefonica-big-data\/?fbclid=IwAR3Q87aUHLV_0bHLFIEedF7rGXL9khuEnfkCFCzngdWqFLtpVxPF1dO2-vI<\/p>\n","protected":false},"author":3,"featured_media":0,"comment_status":"closed","ping_status":"closed","sticky":false,"template":"","format":"standard","meta":{"footnotes":""},"categories":[1],"tags":[],"class_list":["post-2701","post","type-post","status-publish","format-standard","hentry","category-sin-categoria"],"_links":{"self":[{"href":"https:\/\/www.santiagocasas.es\/index.php\/wp-json\/wp\/v2\/posts\/2701","targetHints":{"allow":["GET"]}}],"collection":[{"href":"https:\/\/www.santiagocasas.es\/index.php\/wp-json\/wp\/v2\/posts"}],"about":[{"href":"https:\/\/www.santiagocasas.es\/index.php\/wp-json\/wp\/v2\/types\/post"}],"author":[{"embeddable":true,"href":"https:\/\/www.santiagocasas.es\/index.php\/wp-json\/wp\/v2\/users\/3"}],"replies":[{"embeddable":true,"href":"https:\/\/www.santiagocasas.es\/index.php\/wp-json\/wp\/v2\/comments?post=2701"}],"version-history":[{"count":0,"href":"https:\/\/www.santiagocasas.es\/index.php\/wp-json\/wp\/v2\/posts\/2701\/revisions"}],"wp:attachment":[{"href":"https:\/\/www.santiagocasas.es\/index.php\/wp-json\/wp\/v2\/media?parent=2701"}],"wp:term":[{"taxonomy":"category","embeddable":true,"href":"https:\/\/www.santiagocasas.es\/index.php\/wp-json\/wp\/v2\/categories?post=2701"},{"taxonomy":"post_tag","embeddable":true,"href":"https:\/\/www.santiagocasas.es\/index.php\/wp-json\/wp\/v2\/tags?post=2701"}],"curies":[{"name":"wp","href":"https:\/\/api.w.org\/{rel}","templated":true}]}}