{"id":2709,"date":"2018-12-24T11:34:02","date_gmt":"2018-12-24T10:34:02","guid":{"rendered":"http:\/\/www.santiagocasas.es\/index.php\/2018\/12\/24\/bienvenido-mr-e-marshall-sociedad-el-pais\/"},"modified":"2018-12-24T11:34:02","modified_gmt":"2018-12-24T10:34:02","slug":"bienvenido-mr-e-marshall-sociedad-el-pais","status":"publish","type":"post","link":"https:\/\/www.santiagocasas.es\/index.php\/2018\/12\/24\/bienvenido-mr-e-marshall-sociedad-el-pais\/","title":{"rendered":"\u00a1Bienvenido Mr. \u2018e-Marshall\u2019! | Sociedad | EL PA\u00cdS"},"content":{"rendered":"<p><img decoding=\"async\" width=\"200\" height=\"105\" src=\"https:\/\/ep00.epimg.net\/sociedad\/imagenes\/2018\/12\/23\/actualidad\/1545581275_491454_1545638614_rrss_normal.jpg\" alt=\"https:\/\/ep00.epimg.net\/sociedad\/imagenes\/2018\/12\/23\/actualidad\/1545581275_491454_1545638614_rrss_normal.jpg\" \/><\/p>\n<p><a href=\"https:\/\/elpais.com\/sociedad\/2018\/12\/23\/actualidad\/1545581275_491454.html?id_externo_rsoc=FB_CM&amp;fbclid=IwAR1i4znTr4cQre6V2Hka8Y5QsTO9NiPF5e7_Xc32bIY498gEZC1ZZRBrwQE\">\u00a1Bienvenido Mr. \u2018e-Marshall\u2019!<\/a><\/p>\n<p>La banda ancha avanza en Espa\u00f1a de forma desigual. La orograf\u00eda y la dispersi\u00f3n dificultan su despliegue en el mundo rural, que demanda conectividad para su desarrollo<\/p>\n<p><a href=\"https:\/\/elpais.com\/sociedad\/2018\/12\/23\/actualidad\/1545581275_491454.html?id_externo_rsoc=FB_CM&amp;fbclid=IwAR1i4znTr4cQre6V2Hka8Y5QsTO9NiPF5e7_Xc32bIY498gEZC1ZZRBrwQE\">https:\/\/elpais.com\/sociedad\/2018\/12\/23\/actualidad\/1545581275_491454.html?id_externo_rsoc=FB_CM&amp;fbclid=IwAR1i4znTr4cQre6V2Hka8Y5QsTO9NiPF5e7_Xc32bIY498gEZC1ZZRBrwQE<\/a><\/p>\n","protected":false},"excerpt":{"rendered":"<p>\u00a1Bienvenido Mr. \u2018e-Marshall\u2019! La banda ancha avanza en Espa\u00f1a de forma desigual. La orograf\u00eda y la dispersi\u00f3n dificultan su despliegue en el mundo rural, que demanda conectividad para su desarrollo https:\/\/elpais.com\/sociedad\/2018\/12\/23\/actualidad\/1545581275_491454.html?id_externo_rsoc=FB_CM&amp;fbclid=IwAR1i4znTr4cQre6V2Hka8Y5QsTO9NiPF5e7_Xc32bIY498gEZC1ZZRBrwQE<\/p>\n","protected":false},"author":3,"featured_media":0,"comment_status":"closed","ping_status":"closed","sticky":false,"template":"","format":"standard","meta":{"footnotes":""},"categories":[1],"tags":[],"class_list":["post-2709","post","type-post","status-publish","format-standard","hentry","category-sin-categoria"],"_links":{"self":[{"href":"https:\/\/www.santiagocasas.es\/index.php\/wp-json\/wp\/v2\/posts\/2709","targetHints":{"allow":["GET"]}}],"collection":[{"href":"https:\/\/www.santiagocasas.es\/index.php\/wp-json\/wp\/v2\/posts"}],"about":[{"href":"https:\/\/www.santiagocasas.es\/index.php\/wp-json\/wp\/v2\/types\/post"}],"author":[{"embeddable":true,"href":"https:\/\/www.santiagocasas.es\/index.php\/wp-json\/wp\/v2\/users\/3"}],"replies":[{"embeddable":true,"href":"https:\/\/www.santiagocasas.es\/index.php\/wp-json\/wp\/v2\/comments?post=2709"}],"version-history":[{"count":0,"href":"https:\/\/www.santiagocasas.es\/index.php\/wp-json\/wp\/v2\/posts\/2709\/revisions"}],"wp:attachment":[{"href":"https:\/\/www.santiagocasas.es\/index.php\/wp-json\/wp\/v2\/media?parent=2709"}],"wp:term":[{"taxonomy":"category","embeddable":true,"href":"https:\/\/www.santiagocasas.es\/index.php\/wp-json\/wp\/v2\/categories?post=2709"},{"taxonomy":"post_tag","embeddable":true,"href":"https:\/\/www.santiagocasas.es\/index.php\/wp-json\/wp\/v2\/tags?post=2709"}],"curies":[{"name":"wp","href":"https:\/\/api.w.org\/{rel}","templated":true}]}}