{"id":2731,"date":"2019-01-17T22:47:04","date_gmt":"2019-01-17T21:47:04","guid":{"rendered":"http:\/\/www.santiagocasas.es\/index.php\/2019\/01\/17\/por-que-ya-nadie-coge-el-telefono-asi-hemos-olvidado-la-cultura-de-la-conversacion-buenavida-el-pais\/"},"modified":"2019-01-17T22:47:04","modified_gmt":"2019-01-17T21:47:04","slug":"por-que-ya-nadie-coge-el-telefono-asi-hemos-olvidado-la-cultura-de-la-conversacion-buenavida-el-pais","status":"publish","type":"post","link":"https:\/\/www.santiagocasas.es\/index.php\/2019\/01\/17\/por-que-ya-nadie-coge-el-telefono-asi-hemos-olvidado-la-cultura-de-la-conversacion-buenavida-el-pais\/","title":{"rendered":"Por qu\u00e9 ya nadie coge el tel\u00e9fono: as\u00ed hemos olvidado la cultura de la conversaci\u00f3n |  BuenaVida | EL PA\u00cdS"},"content":{"rendered":"<p><img decoding=\"async\" width=\"200\" height=\"105\" src=\"https:\/\/ep00.epimg.net\/elpais\/imagenes\/2019\/01\/09\/buenavida\/1547043494_053863_1547643674_rrss_normal.jpg\" alt=\"https:\/\/ep00.epimg.net\/elpais\/imagenes\/2019\/01\/09\/buenavida\/1547043494_053863_1547643674_rrss_normal.jpg\" \/><\/p>\n<p><a href=\"https:\/\/elpais.com\/elpais\/2019\/01\/09\/buenavida\/1547043494_053863.html?id_externo_rsoc=FB_CM&amp;fbclid=IwAR2NEqsbZFWZbvOHVZh2y-cU-xdurpLBzTluqMtviQgh0MrB7cYcKNTYq9s\">Por qu\u00e9 ya nadie coge el tel\u00e9fono: as\u00ed hemos olvidado la cultura de la conversaci\u00f3n<\/a><\/p>\n<p>No es nada personal, las conversaciones telef\u00f3nicas se reservan para contactos cada vez m\u00e1s \u00edntimos<\/p>\n<p><a href=\"https:\/\/elpais.com\/elpais\/2019\/01\/09\/buenavida\/1547043494_053863.html?id_externo_rsoc=FB_CM&amp;fbclid=IwAR2NEqsbZFWZbvOHVZh2y-cU-xdurpLBzTluqMtviQgh0MrB7cYcKNTYq9s\">https:\/\/elpais.com\/elpais\/2019\/01\/09\/buenavida\/1547043494_053863.html?id_externo_rsoc=FB_CM&amp;fbclid=IwAR2NEqsbZFWZbvOHVZh2y-cU-xdurpLBzTluqMtviQgh0MrB7cYcKNTYq9s<\/a><\/p>\n","protected":false},"excerpt":{"rendered":"<p>Por qu\u00e9 ya nadie coge el tel\u00e9fono: as\u00ed hemos olvidado la cultura de la conversaci\u00f3n No es nada personal, las conversaciones telef\u00f3nicas se reservan para contactos cada vez m\u00e1s \u00edntimos https:\/\/elpais.com\/elpais\/2019\/01\/09\/buenavida\/1547043494_053863.html?id_externo_rsoc=FB_CM&amp;fbclid=IwAR2NEqsbZFWZbvOHVZh2y-cU-xdurpLBzTluqMtviQgh0MrB7cYcKNTYq9s<\/p>\n","protected":false},"author":3,"featured_media":0,"comment_status":"closed","ping_status":"closed","sticky":false,"template":"","format":"standard","meta":{"footnotes":""},"categories":[1],"tags":[],"class_list":["post-2731","post","type-post","status-publish","format-standard","hentry","category-sin-categoria"],"_links":{"self":[{"href":"https:\/\/www.santiagocasas.es\/index.php\/wp-json\/wp\/v2\/posts\/2731","targetHints":{"allow":["GET"]}}],"collection":[{"href":"https:\/\/www.santiagocasas.es\/index.php\/wp-json\/wp\/v2\/posts"}],"about":[{"href":"https:\/\/www.santiagocasas.es\/index.php\/wp-json\/wp\/v2\/types\/post"}],"author":[{"embeddable":true,"href":"https:\/\/www.santiagocasas.es\/index.php\/wp-json\/wp\/v2\/users\/3"}],"replies":[{"embeddable":true,"href":"https:\/\/www.santiagocasas.es\/index.php\/wp-json\/wp\/v2\/comments?post=2731"}],"version-history":[{"count":0,"href":"https:\/\/www.santiagocasas.es\/index.php\/wp-json\/wp\/v2\/posts\/2731\/revisions"}],"wp:attachment":[{"href":"https:\/\/www.santiagocasas.es\/index.php\/wp-json\/wp\/v2\/media?parent=2731"}],"wp:term":[{"taxonomy":"category","embeddable":true,"href":"https:\/\/www.santiagocasas.es\/index.php\/wp-json\/wp\/v2\/categories?post=2731"},{"taxonomy":"post_tag","embeddable":true,"href":"https:\/\/www.santiagocasas.es\/index.php\/wp-json\/wp\/v2\/tags?post=2731"}],"curies":[{"name":"wp","href":"https:\/\/api.w.org\/{rel}","templated":true}]}}