{"id":2788,"date":"2019-03-12T15:00:18","date_gmt":"2019-03-12T14:00:18","guid":{"rendered":"http:\/\/www.santiagocasas.es\/index.php\/2019\/03\/12\/facebook-ficha-a-newtral-y-maldita-para-combatir-las-noticias-falsas-tecnologia-el-pa-is\/"},"modified":"2019-03-12T15:00:18","modified_gmt":"2019-03-12T14:00:18","slug":"facebook-ficha-a-newtral-y-maldita-para-combatir-las-noticias-falsas-tecnologia-el-pa-is","status":"publish","type":"post","link":"https:\/\/www.santiagocasas.es\/index.php\/2019\/03\/12\/facebook-ficha-a-newtral-y-maldita-para-combatir-las-noticias-falsas-tecnologia-el-pa-is\/","title":{"rendered":"Facebook ficha a Newtral y Maldita para combatir las noticias falsas | Tecnolog\u00eda | EL PA \u00cdS"},"content":{"rendered":"<p><img decoding=\"async\" width=\"200\" height=\"105\" src=\"https:\/\/ep00.epimg.net\/tecnologia\/imagenes\/2019\/03\/12\/actualidad\/1552350738_032029_1552352423_rrss_normal.jpg\" alt=\"https:\/\/ep00.epimg.net\/tecnologia\/imagenes\/2019\/03\/12\/actualidad\/1552350738_032029_1552352423_rrss_normal.jpg\" \/><\/p>\n<p><a href=\"https:\/\/elpais.com\/tecnologia\/2019\/03\/12\/actualidad\/1552350738_032029.html\">Facebook ficha a Newtral y Maldita para combatir las noticias falsas<\/a><\/p>\n<p>La web de la periodista Ana Pastor y el proyecto independiente de verificaci\u00f3n de datos trabajar\u00e1n con la red social para limitar la desinformaci\u00f3n<\/p>\n<p><a href=\"https:\/\/elpais.com\/tecnologia\/2019\/03\/12\/actualidad\/1552350738_032029.html\">https:\/\/elpais.com\/tecnologia\/2019\/03\/12\/actualidad\/1552350738_032029.html<\/a><\/p>\n","protected":false},"excerpt":{"rendered":"<p>Facebook ficha a Newtral y Maldita para combatir las noticias falsas La web de la periodista Ana Pastor y el proyecto independiente de verificaci\u00f3n de datos trabajar\u00e1n con la red social para limitar la desinformaci\u00f3n https:\/\/elpais.com\/tecnologia\/2019\/03\/12\/actualidad\/1552350738_032029.html<\/p>\n","protected":false},"author":3,"featured_media":0,"comment_status":"closed","ping_status":"closed","sticky":false,"template":"","format":"standard","meta":{"footnotes":""},"categories":[1],"tags":[],"class_list":["post-2788","post","type-post","status-publish","format-standard","hentry","category-sin-categoria"],"_links":{"self":[{"href":"https:\/\/www.santiagocasas.es\/index.php\/wp-json\/wp\/v2\/posts\/2788","targetHints":{"allow":["GET"]}}],"collection":[{"href":"https:\/\/www.santiagocasas.es\/index.php\/wp-json\/wp\/v2\/posts"}],"about":[{"href":"https:\/\/www.santiagocasas.es\/index.php\/wp-json\/wp\/v2\/types\/post"}],"author":[{"embeddable":true,"href":"https:\/\/www.santiagocasas.es\/index.php\/wp-json\/wp\/v2\/users\/3"}],"replies":[{"embeddable":true,"href":"https:\/\/www.santiagocasas.es\/index.php\/wp-json\/wp\/v2\/comments?post=2788"}],"version-history":[{"count":0,"href":"https:\/\/www.santiagocasas.es\/index.php\/wp-json\/wp\/v2\/posts\/2788\/revisions"}],"wp:attachment":[{"href":"https:\/\/www.santiagocasas.es\/index.php\/wp-json\/wp\/v2\/media?parent=2788"}],"wp:term":[{"taxonomy":"category","embeddable":true,"href":"https:\/\/www.santiagocasas.es\/index.php\/wp-json\/wp\/v2\/categories?post=2788"},{"taxonomy":"post_tag","embeddable":true,"href":"https:\/\/www.santiagocasas.es\/index.php\/wp-json\/wp\/v2\/tags?post=2788"}],"curies":[{"name":"wp","href":"https:\/\/api.w.org\/{rel}","templated":true}]}}