{"id":2792,"date":"2019-03-13T23:27:54","date_gmt":"2019-03-13T22:27:54","guid":{"rendered":"http:\/\/www.santiagocasas.es\/index.php\/2019\/03\/13\/facebook-instagram-y-whatsapp-sufren-una-caida-masiva-en-todo-el-mundo-tecnologia-el-pais\/"},"modified":"2019-03-13T23:27:54","modified_gmt":"2019-03-13T22:27:54","slug":"facebook-instagram-y-whatsapp-sufren-una-caida-masiva-en-todo-el-mundo-tecnologia-el-pais","status":"publish","type":"post","link":"https:\/\/www.santiagocasas.es\/index.php\/2019\/03\/13\/facebook-instagram-y-whatsapp-sufren-una-caida-masiva-en-todo-el-mundo-tecnologia-el-pais\/","title":{"rendered":"Facebook, Instagram y WhatsApp sufren una ca\u00edda masiva en todo el mundo | Tecnolog\u00eda |  EL PA\u00cdS"},"content":{"rendered":"<p><img decoding=\"async\" width=\"200\" height=\"105\" src=\"https:\/\/ep00.epimg.net\/tecnologia\/imagenes\/2019\/03\/13\/actualidad\/1552498073_613541_1552510878_rrss_normal.jpg\" alt=\"https:\/\/ep00.epimg.net\/tecnologia\/imagenes\/2019\/03\/13\/actualidad\/1552498073_613541_1552510878_rrss_normal.jpg\" \/><\/p>\n<p><a href=\"https:\/\/elpais.com\/tecnologia\/2019\/03\/13\/actualidad\/1552498073_613541.html\">Facebook, Instagram y WhatsApp sufren una ca\u00edda masiva en todo el mundo<\/a><\/p>\n<p>Los problemas de conexi\u00f3n en las tres redes de la misma empresa han comenzado a las cinco de la tarde (hora peninsular espa\u00f1ola)<\/p>\n<p><a href=\"https:\/\/elpais.com\/tecnologia\/2019\/03\/13\/actualidad\/1552498073_613541.html\">https:\/\/elpais.com\/tecnologia\/2019\/03\/13\/actualidad\/1552498073_613541.html<\/a><\/p>\n","protected":false},"excerpt":{"rendered":"<p>Facebook, Instagram y WhatsApp sufren una ca\u00edda masiva en todo el mundo Los problemas de conexi\u00f3n en las tres redes de la misma empresa han comenzado a las cinco de la tarde (hora peninsular espa\u00f1ola) https:\/\/elpais.com\/tecnologia\/2019\/03\/13\/actualidad\/1552498073_613541.html<\/p>\n","protected":false},"author":3,"featured_media":0,"comment_status":"closed","ping_status":"closed","sticky":false,"template":"","format":"standard","meta":{"footnotes":""},"categories":[1],"tags":[],"class_list":["post-2792","post","type-post","status-publish","format-standard","hentry","category-sin-categoria"],"_links":{"self":[{"href":"https:\/\/www.santiagocasas.es\/index.php\/wp-json\/wp\/v2\/posts\/2792","targetHints":{"allow":["GET"]}}],"collection":[{"href":"https:\/\/www.santiagocasas.es\/index.php\/wp-json\/wp\/v2\/posts"}],"about":[{"href":"https:\/\/www.santiagocasas.es\/index.php\/wp-json\/wp\/v2\/types\/post"}],"author":[{"embeddable":true,"href":"https:\/\/www.santiagocasas.es\/index.php\/wp-json\/wp\/v2\/users\/3"}],"replies":[{"embeddable":true,"href":"https:\/\/www.santiagocasas.es\/index.php\/wp-json\/wp\/v2\/comments?post=2792"}],"version-history":[{"count":0,"href":"https:\/\/www.santiagocasas.es\/index.php\/wp-json\/wp\/v2\/posts\/2792\/revisions"}],"wp:attachment":[{"href":"https:\/\/www.santiagocasas.es\/index.php\/wp-json\/wp\/v2\/media?parent=2792"}],"wp:term":[{"taxonomy":"category","embeddable":true,"href":"https:\/\/www.santiagocasas.es\/index.php\/wp-json\/wp\/v2\/categories?post=2792"},{"taxonomy":"post_tag","embeddable":true,"href":"https:\/\/www.santiagocasas.es\/index.php\/wp-json\/wp\/v2\/tags?post=2792"}],"curies":[{"name":"wp","href":"https:\/\/api.w.org\/{rel}","templated":true}]}}