{"id":2801,"date":"2019-03-17T16:05:37","date_gmt":"2019-03-17T15:05:37","guid":{"rendered":"http:\/\/www.santiagocasas.es\/index.php\/2019\/03\/17\/javier-olivan-facebook-el-guardian-espanol-de-zuckerberg-asi-es-javier-olivan-la-pieza-clave-de-facebook-empresas-diari\/"},"modified":"2019-03-17T16:05:37","modified_gmt":"2019-03-17T15:05:37","slug":"javier-olivan-facebook-el-guardian-espanol-de-zuckerberg-asi-es-javier-olivan-la-pieza-clave-de-facebook-empresas-diari","status":"publish","type":"post","link":"https:\/\/www.santiagocasas.es\/index.php\/2019\/03\/17\/javier-olivan-facebook-el-guardian-espanol-de-zuckerberg-asi-es-javier-olivan-la-pieza-clave-de-facebook-empresas-diari\/","title":{"rendered":"JAVIER OLIV\u00c1N FACEBOOK &#8211; El guardi\u00e1n espa\u00f1ol de Zuckerberg: as\u00ed es Javier Oliv\u00e1n, la  pieza clave de Facebook &#8211; Empresas &#8211; Diari"},"content":{"rendered":"<p><img decoding=\"async\" width=\"200\" height=\"113\" src=\"https:\/\/www.lainformacion.com\/files\/og_thumbnail\/uploads\/2019\/03\/16\/5c8cb44aa3c2f.jpeg\" alt=\"https:\/\/www.lainformacion.com\/files\/og_thumbnail\/uploads\/2019\/03\/16\/5c8cb44aa3c2f.jpeg\" \/><\/p>\n<p><a href=\"https:\/\/www.lainformacion.com\/empresas\/guardian-espanol-zuckerberg-javier-olivan-pieza-clave-facebook\/6495012\/\">El guardi\u00e1n espa\u00f1ol de Zuckerberg: as\u00ed es Javier Oliv\u00e1n, la pieza clave de Facebook<\/a><\/p>\n<p>El directivo aragon\u00e9s gana a\u00fan m\u00e1s peso en la c\u00fapula del gigante, casi 11 a\u00f1os despu\u00e9s de llegar para liderar con \u00e9xito su crecimiento internacional.<\/p>\n<p><a href=\"https:\/\/www.lainformacion.com\/empresas\/guardian-espanol-zuckerberg-javier-olivan-pieza-clave-facebook\/6495012\/\">https:\/\/www.lainformacion.com\/empresas\/guardian-espanol-zuckerberg-javier-olivan-pieza-clave-facebook\/6495012\/<\/a><\/p>\n","protected":false},"excerpt":{"rendered":"<p>El guardi\u00e1n espa\u00f1ol de Zuckerberg: as\u00ed es Javier Oliv\u00e1n, la pieza clave de Facebook El directivo aragon\u00e9s gana a\u00fan m\u00e1s peso en la c\u00fapula del gigante, casi 11 a\u00f1os despu\u00e9s de llegar para liderar con \u00e9xito su crecimiento internacional. https:\/\/www.lainformacion.com\/empresas\/guardian-espanol-zuckerberg-javier-olivan-pieza-clave-facebook\/6495012\/<\/p>\n","protected":false},"author":3,"featured_media":0,"comment_status":"closed","ping_status":"closed","sticky":false,"template":"","format":"standard","meta":{"footnotes":""},"categories":[1],"tags":[],"class_list":["post-2801","post","type-post","status-publish","format-standard","hentry","category-sin-categoria"],"_links":{"self":[{"href":"https:\/\/www.santiagocasas.es\/index.php\/wp-json\/wp\/v2\/posts\/2801","targetHints":{"allow":["GET"]}}],"collection":[{"href":"https:\/\/www.santiagocasas.es\/index.php\/wp-json\/wp\/v2\/posts"}],"about":[{"href":"https:\/\/www.santiagocasas.es\/index.php\/wp-json\/wp\/v2\/types\/post"}],"author":[{"embeddable":true,"href":"https:\/\/www.santiagocasas.es\/index.php\/wp-json\/wp\/v2\/users\/3"}],"replies":[{"embeddable":true,"href":"https:\/\/www.santiagocasas.es\/index.php\/wp-json\/wp\/v2\/comments?post=2801"}],"version-history":[{"count":0,"href":"https:\/\/www.santiagocasas.es\/index.php\/wp-json\/wp\/v2\/posts\/2801\/revisions"}],"wp:attachment":[{"href":"https:\/\/www.santiagocasas.es\/index.php\/wp-json\/wp\/v2\/media?parent=2801"}],"wp:term":[{"taxonomy":"category","embeddable":true,"href":"https:\/\/www.santiagocasas.es\/index.php\/wp-json\/wp\/v2\/categories?post=2801"},{"taxonomy":"post_tag","embeddable":true,"href":"https:\/\/www.santiagocasas.es\/index.php\/wp-json\/wp\/v2\/tags?post=2801"}],"curies":[{"name":"wp","href":"https:\/\/api.w.org\/{rel}","templated":true}]}}