{"id":2867,"date":"2019-06-09T10:14:12","date_gmt":"2019-06-09T08:14:12","guid":{"rendered":"http:\/\/www.santiagocasas.es\/index.php\/2019\/06\/09\/la-nueva-guerra-fra-del-5g-economa-el-pas\/"},"modified":"2019-06-09T10:14:12","modified_gmt":"2019-06-09T08:14:12","slug":"la-nueva-guerra-fra-del-5g-economa-el-pas","status":"publish","type":"post","link":"https:\/\/www.santiagocasas.es\/index.php\/2019\/06\/09\/la-nueva-guerra-fra-del-5g-economa-el-pas\/","title":{"rendered":"La nueva guerra fra del 5G | Economa | EL PAS"},"content":{"rendered":"<p><img decoding=\"async\" width=\"200\" height=\"105\" src=\"https:\/\/ep00.epimg.net\/economia\/imagenes\/2019\/06\/06\/actualidad\/1559835295_419007_1559835591_rrss_normal.jpg\" alt=\"https:\/\/ep00.epimg.net\/economia\/imagenes\/2019\/06\/06\/actualidad\/1559835295_419007_1559835591_rrss_normal.jpg\" \/><\/p>\n<p><a href=\"https:\/\/elpais.com\/economia\/2019\/06\/06\/actualidad\/1559835295_419007.html\">La nueva guerra fr\u00eda del 5G<\/a><\/p>\n<p>La batalla desatada por EE UU por el control de la quinta generaci\u00f3n del m\u00f3vil provoca un conflicto geopol\u00edtico que deja indefensas a las empresas y gobiernos europeos<\/p>\n<p><a href=\"https:\/\/elpais.com\/economia\/2019\/06\/06\/actualidad\/1559835295_419007.html\">https:\/\/elpais.com\/economia\/2019\/06\/06\/actualidad\/1559835295_419007.html<\/a><\/p>\n<p>Enviado desde <a href=\"https:\/\/go.microsoft.com\/fwlink\/?LinkId=550986\"> Correo<\/a> para Windows 10<\/p>\n","protected":false},"excerpt":{"rendered":"<p>La nueva guerra fr\u00eda del 5G La batalla desatada por EE UU por el control de la quinta generaci\u00f3n del m\u00f3vil provoca un conflicto geopol\u00edtico que deja indefensas a las empresas y gobiernos europeos https:\/\/elpais.com\/economia\/2019\/06\/06\/actualidad\/1559835295_419007.html Enviado desde Correo para Windows 10<\/p>\n","protected":false},"author":3,"featured_media":0,"comment_status":"closed","ping_status":"closed","sticky":false,"template":"","format":"standard","meta":{"footnotes":""},"categories":[1],"tags":[],"class_list":["post-2867","post","type-post","status-publish","format-standard","hentry","category-sin-categoria"],"_links":{"self":[{"href":"https:\/\/www.santiagocasas.es\/index.php\/wp-json\/wp\/v2\/posts\/2867","targetHints":{"allow":["GET"]}}],"collection":[{"href":"https:\/\/www.santiagocasas.es\/index.php\/wp-json\/wp\/v2\/posts"}],"about":[{"href":"https:\/\/www.santiagocasas.es\/index.php\/wp-json\/wp\/v2\/types\/post"}],"author":[{"embeddable":true,"href":"https:\/\/www.santiagocasas.es\/index.php\/wp-json\/wp\/v2\/users\/3"}],"replies":[{"embeddable":true,"href":"https:\/\/www.santiagocasas.es\/index.php\/wp-json\/wp\/v2\/comments?post=2867"}],"version-history":[{"count":0,"href":"https:\/\/www.santiagocasas.es\/index.php\/wp-json\/wp\/v2\/posts\/2867\/revisions"}],"wp:attachment":[{"href":"https:\/\/www.santiagocasas.es\/index.php\/wp-json\/wp\/v2\/media?parent=2867"}],"wp:term":[{"taxonomy":"category","embeddable":true,"href":"https:\/\/www.santiagocasas.es\/index.php\/wp-json\/wp\/v2\/categories?post=2867"},{"taxonomy":"post_tag","embeddable":true,"href":"https:\/\/www.santiagocasas.es\/index.php\/wp-json\/wp\/v2\/tags?post=2867"}],"curies":[{"name":"wp","href":"https:\/\/api.w.org\/{rel}","templated":true}]}}