{"id":2875,"date":"2019-06-14T15:33:54","date_gmt":"2019-06-14T13:33:54","guid":{"rendered":"http:\/\/www.santiagocasas.es\/index.php\/2019\/06\/14\/por-que-el-nuevo-logo-de-correos-es-casi-igual-que-el-anterior-icon-design-el-pa-is\/"},"modified":"2019-06-14T15:33:54","modified_gmt":"2019-06-14T13:33:54","slug":"por-que-el-nuevo-logo-de-correos-es-casi-igual-que-el-anterior-icon-design-el-pa-is","status":"publish","type":"post","link":"https:\/\/www.santiagocasas.es\/index.php\/2019\/06\/14\/por-que-el-nuevo-logo-de-correos-es-casi-igual-que-el-anterior-icon-design-el-pa-is\/","title":{"rendered":"\u00bfPor qu\u00e9 el nuevo logo de Correos es (casi) igual que el anterior? | ICON Design | EL PA \u00cdS"},"content":{"rendered":"<p><img decoding=\"async\" width=\"200\" height=\"105\" src=\"https:\/\/ep00.epimg.net\/elpais\/imagenes\/2019\/06\/11\/icon_design\/1560255424_285395_1560439165_rrss_normal.jpg\" alt=\"https:\/\/ep00.epimg.net\/elpais\/imagenes\/2019\/06\/11\/icon_design\/1560255424_285395_1560439165_rrss_normal.jpg\" \/><\/p>\n<p><a href=\"https:\/\/elpais.com\/elpais\/2019\/06\/11\/icon_design\/1560255424_285395.html?id_externo_rsoc=FB_CM&amp;fbclid=IwAR1pkRxWFk1CMOmNqDbyJi9yPMg_pG8LBgtk5EvAEvyzj6e-gBbcSDmY13w\">\u00bfPor qu\u00e9 el nuevo logo de Correos es (casi) igual que el anterior?<\/a><\/p>\n<p>Solo hac\u00eda falta airear las l\u00edneas , dice su creador. Esta es la historia del redise\u00f1o de uno de los logos m\u00e1s queridos de nuestro pa\u00eds<\/p>\n<p><a href=\"https:\/\/elpais.com\/elpais\/2019\/06\/11\/icon_design\/1560255424_285395.html?id_externo_rsoc=FB_CM&amp;fbclid=IwAR1pkRxWFk1CMOmNqDbyJi9yPMg_pG8LBgtk5EvAEvyzj6e-gBbcSDmY13w\">https:\/\/elpais.com\/elpais\/2019\/06\/11\/icon_design\/1560255424_285395.html?id_externo_rsoc=FB_CM&amp;fbclid=IwAR1pkRxWFk1CMOmNqDbyJi9yPMg_pG8LBgtk5EvAEvyzj6e-gBbcSDmY13w<\/a><\/p>\n","protected":false},"excerpt":{"rendered":"<p>\u00bfPor qu\u00e9 el nuevo logo de Correos es (casi) igual que el anterior? Solo hac\u00eda falta airear las l\u00edneas , dice su creador. Esta es la historia del redise\u00f1o de uno de los logos m\u00e1s queridos de nuestro pa\u00eds https:\/\/elpais.com\/elpais\/2019\/06\/11\/icon_design\/1560255424_285395.html?id_externo_rsoc=FB_CM&amp;fbclid=IwAR1pkRxWFk1CMOmNqDbyJi9yPMg_pG8LBgtk5EvAEvyzj6e-gBbcSDmY13w<\/p>\n","protected":false},"author":3,"featured_media":0,"comment_status":"closed","ping_status":"closed","sticky":false,"template":"","format":"standard","meta":{"footnotes":""},"categories":[1],"tags":[],"class_list":["post-2875","post","type-post","status-publish","format-standard","hentry","category-sin-categoria"],"_links":{"self":[{"href":"https:\/\/www.santiagocasas.es\/index.php\/wp-json\/wp\/v2\/posts\/2875","targetHints":{"allow":["GET"]}}],"collection":[{"href":"https:\/\/www.santiagocasas.es\/index.php\/wp-json\/wp\/v2\/posts"}],"about":[{"href":"https:\/\/www.santiagocasas.es\/index.php\/wp-json\/wp\/v2\/types\/post"}],"author":[{"embeddable":true,"href":"https:\/\/www.santiagocasas.es\/index.php\/wp-json\/wp\/v2\/users\/3"}],"replies":[{"embeddable":true,"href":"https:\/\/www.santiagocasas.es\/index.php\/wp-json\/wp\/v2\/comments?post=2875"}],"version-history":[{"count":0,"href":"https:\/\/www.santiagocasas.es\/index.php\/wp-json\/wp\/v2\/posts\/2875\/revisions"}],"wp:attachment":[{"href":"https:\/\/www.santiagocasas.es\/index.php\/wp-json\/wp\/v2\/media?parent=2875"}],"wp:term":[{"taxonomy":"category","embeddable":true,"href":"https:\/\/www.santiagocasas.es\/index.php\/wp-json\/wp\/v2\/categories?post=2875"},{"taxonomy":"post_tag","embeddable":true,"href":"https:\/\/www.santiagocasas.es\/index.php\/wp-json\/wp\/v2\/tags?post=2875"}],"curies":[{"name":"wp","href":"https:\/\/api.w.org\/{rel}","templated":true}]}}