{"id":2892,"date":"2019-07-01T00:29:20","date_gmt":"2019-06-30T22:29:20","guid":{"rendered":"http:\/\/www.santiagocasas.es\/index.php\/2019\/07\/01\/alvarez-pallete-telefonica-el-5g-no-esta-listo-hoy-no-compensa-pagar-mas-expan-sion\/"},"modified":"2019-07-01T00:29:20","modified_gmt":"2019-06-30T22:29:20","slug":"alvarez-pallete-telefonica-el-5g-no-esta-listo-hoy-no-compensa-pagar-mas-expan-sion","status":"publish","type":"post","link":"https:\/\/www.santiagocasas.es\/index.php\/2019\/07\/01\/alvarez-pallete-telefonica-el-5g-no-esta-listo-hoy-no-compensa-pagar-mas-expan-sion\/","title":{"rendered":"\u00c1lvarez-Pallete (Telef\u00f3nica): \u00abEl 5G no est\u00e1 listo, hoy no compensa pagar m\u00e1s\u00bb | Expan si\u00f3n"},"content":{"rendered":"<p><img decoding=\"async\" width=\"200\" height=\"106\" src=\"https:\/\/e00-expansion.uecdn.es\/assets\/multimedia\/imagenes\/2019\/06\/30\/5d18a0bc468aeb65288b4627_facebook.jpg\" alt=\"https:\/\/e00-expansion.uecdn.es\/assets\/multimedia\/imagenes\/2019\/06\/30\/5d18a0bc468aeb65288b4627_facebook.jpg\" \/><\/p>\n<p><a href=\"http:\/\/www.expansion.com\/empresas\/tecnologia\/2019\/06\/30\/5d18a0bc468aeb65288b4627.html?intcmp=NOT002&amp;fbclid=IwAR2-itICtHV6V6EtBKxuo5-pwII9qbKyr__o5Jgqshl8QGOkKAwWI9-6xIs\">\u00c1lvarez-Pallete (Telef\u00f3nica): &quot;El 5G no est\u00e1 listo, hoy no compensa pagar m\u00e1s&quot;<\/a><\/p>\n<p>En un entrevista en el suplemento XL Semanal del diario ABC, \u00c1lvarez-Pallete ha destacado que Espa\u00f1a est\u00e1 preparada para liderar la cuarta&#8230;<\/p>\n<p><a href=\"http:\/\/www.expansion.com\/empresas\/tecnologia\/2019\/06\/30\/5d18a0bc468aeb65288b4627.html?intcmp=NOT002&amp;fbclid=IwAR2-itICtHV6V6EtBKxuo5-pwII9qbKyr__o5Jgqshl8QGOkKAwWI9-6xIs\">http:\/\/www.expansion.com\/empresas\/tecnologia\/2019\/06\/30\/5d18a0bc468aeb65288b4627.html?intcmp=NOT002&amp;fbclid=IwAR2-itICtHV6V6EtBKxuo5-pwII9qbKyr__o5Jgqshl8QGOkKAwWI9-6xIs<\/a><\/p>\n","protected":false},"excerpt":{"rendered":"<p>\u00c1lvarez-Pallete (Telef\u00f3nica): &quot;El 5G no est\u00e1 listo, hoy no compensa pagar m\u00e1s&quot; En un entrevista en el suplemento XL Semanal del diario ABC, \u00c1lvarez-Pallete ha destacado que Espa\u00f1a est\u00e1 preparada para liderar la cuarta&#8230; http:\/\/www.expansion.com\/empresas\/tecnologia\/2019\/06\/30\/5d18a0bc468aeb65288b4627.html?intcmp=NOT002&amp;fbclid=IwAR2-itICtHV6V6EtBKxuo5-pwII9qbKyr__o5Jgqshl8QGOkKAwWI9-6xIs<\/p>\n","protected":false},"author":3,"featured_media":0,"comment_status":"closed","ping_status":"closed","sticky":false,"template":"","format":"standard","meta":{"footnotes":""},"categories":[1],"tags":[],"class_list":["post-2892","post","type-post","status-publish","format-standard","hentry","category-sin-categoria"],"_links":{"self":[{"href":"https:\/\/www.santiagocasas.es\/index.php\/wp-json\/wp\/v2\/posts\/2892","targetHints":{"allow":["GET"]}}],"collection":[{"href":"https:\/\/www.santiagocasas.es\/index.php\/wp-json\/wp\/v2\/posts"}],"about":[{"href":"https:\/\/www.santiagocasas.es\/index.php\/wp-json\/wp\/v2\/types\/post"}],"author":[{"embeddable":true,"href":"https:\/\/www.santiagocasas.es\/index.php\/wp-json\/wp\/v2\/users\/3"}],"replies":[{"embeddable":true,"href":"https:\/\/www.santiagocasas.es\/index.php\/wp-json\/wp\/v2\/comments?post=2892"}],"version-history":[{"count":0,"href":"https:\/\/www.santiagocasas.es\/index.php\/wp-json\/wp\/v2\/posts\/2892\/revisions"}],"wp:attachment":[{"href":"https:\/\/www.santiagocasas.es\/index.php\/wp-json\/wp\/v2\/media?parent=2892"}],"wp:term":[{"taxonomy":"category","embeddable":true,"href":"https:\/\/www.santiagocasas.es\/index.php\/wp-json\/wp\/v2\/categories?post=2892"},{"taxonomy":"post_tag","embeddable":true,"href":"https:\/\/www.santiagocasas.es\/index.php\/wp-json\/wp\/v2\/tags?post=2892"}],"curies":[{"name":"wp","href":"https:\/\/api.w.org\/{rel}","templated":true}]}}