{"id":2893,"date":"2019-07-02T09:23:45","date_gmt":"2019-07-02T07:23:45","guid":{"rendered":"http:\/\/www.santiagocasas.es\/index.php\/2019\/07\/02\/adios-a-los-coches-electricos-silenciosos-desde-2021-tendran-que-hacer-un-poco-de-ruid-o-tecnologia-el-pais\/"},"modified":"2019-07-02T09:23:45","modified_gmt":"2019-07-02T07:23:45","slug":"adios-a-los-coches-electricos-silenciosos-desde-2021-tendran-que-hacer-un-poco-de-ruid-o-tecnologia-el-pais","status":"publish","type":"post","link":"https:\/\/www.santiagocasas.es\/index.php\/2019\/07\/02\/adios-a-los-coches-electricos-silenciosos-desde-2021-tendran-que-hacer-un-poco-de-ruid-o-tecnologia-el-pais\/","title":{"rendered":"Adi\u00f3s a los coches el\u00e9ctricos silenciosos: desde 2021 tendr\u00e1n que hacer un poco de ruid o | Tecnolog\u00eda | EL PA\u00cdS"},"content":{"rendered":"<p><img decoding=\"async\" width=\"200\" height=\"105\" src=\"https:\/\/ep00.epimg.net\/tecnologia\/imagenes\/2019\/07\/01\/actualidad\/1561987987_076908_1561988239_rrss_normal.jpg\" alt=\"https:\/\/ep00.epimg.net\/tecnologia\/imagenes\/2019\/07\/01\/actualidad\/1561987987_076908_1561988239_rrss_normal.jpg\" \/><\/p>\n<p><a href=\"https:\/\/elpais.com\/tecnologia\/2019\/07\/01\/actualidad\/1561987987_076908.html?fbclid=IwAR3hDy6gndt_FrZ1PVzyaDjYNv0RokkC87f0o76Ks8DavXmQ0C6L4vIP7ms\">Adi\u00f3s a los coches el\u00e9ctricos silenciosos: desde 2021 tendr\u00e1n que hacer un poco de ruido<\/a><\/p>\n<p>La UE aplica una nueva legislaci\u00f3n para que los veh\u00edculos que no emiten sonidos no supongan un problema para la seguridad vial<\/p>\n<p><a href=\"https:\/\/elpais.com\/tecnologia\/2019\/07\/01\/actualidad\/1561987987_076908.html?fbclid=IwAR3hDy6gndt_FrZ1PVzyaDjYNv0RokkC87f0o76Ks8DavXmQ0C6L4vIP7ms\">https:\/\/elpais.com\/tecnologia\/2019\/07\/01\/actualidad\/1561987987_076908.html?fbclid=IwAR3hDy6gndt_FrZ1PVzyaDjYNv0RokkC87f0o76Ks8DavXmQ0C6L4vIP7ms<\/a><\/p>\n","protected":false},"excerpt":{"rendered":"<p>Adi\u00f3s a los coches el\u00e9ctricos silenciosos: desde 2021 tendr\u00e1n que hacer un poco de ruido La UE aplica una nueva legislaci\u00f3n para que los veh\u00edculos que no emiten sonidos no supongan un problema para la seguridad vial https:\/\/elpais.com\/tecnologia\/2019\/07\/01\/actualidad\/1561987987_076908.html?fbclid=IwAR3hDy6gndt_FrZ1PVzyaDjYNv0RokkC87f0o76Ks8DavXmQ0C6L4vIP7ms<\/p>\n","protected":false},"author":3,"featured_media":0,"comment_status":"closed","ping_status":"closed","sticky":false,"template":"","format":"standard","meta":{"footnotes":""},"categories":[1],"tags":[],"class_list":["post-2893","post","type-post","status-publish","format-standard","hentry","category-sin-categoria"],"_links":{"self":[{"href":"https:\/\/www.santiagocasas.es\/index.php\/wp-json\/wp\/v2\/posts\/2893","targetHints":{"allow":["GET"]}}],"collection":[{"href":"https:\/\/www.santiagocasas.es\/index.php\/wp-json\/wp\/v2\/posts"}],"about":[{"href":"https:\/\/www.santiagocasas.es\/index.php\/wp-json\/wp\/v2\/types\/post"}],"author":[{"embeddable":true,"href":"https:\/\/www.santiagocasas.es\/index.php\/wp-json\/wp\/v2\/users\/3"}],"replies":[{"embeddable":true,"href":"https:\/\/www.santiagocasas.es\/index.php\/wp-json\/wp\/v2\/comments?post=2893"}],"version-history":[{"count":0,"href":"https:\/\/www.santiagocasas.es\/index.php\/wp-json\/wp\/v2\/posts\/2893\/revisions"}],"wp:attachment":[{"href":"https:\/\/www.santiagocasas.es\/index.php\/wp-json\/wp\/v2\/media?parent=2893"}],"wp:term":[{"taxonomy":"category","embeddable":true,"href":"https:\/\/www.santiagocasas.es\/index.php\/wp-json\/wp\/v2\/categories?post=2893"},{"taxonomy":"post_tag","embeddable":true,"href":"https:\/\/www.santiagocasas.es\/index.php\/wp-json\/wp\/v2\/tags?post=2893"}],"curies":[{"name":"wp","href":"https:\/\/api.w.org\/{rel}","templated":true}]}}