{"id":3062,"date":"2019-10-28T20:30:46","date_gmt":"2019-10-28T19:30:46","guid":{"rendered":"http:\/\/www.santiagocasas.es\/index.php\/2019\/10\/28\/los-lderes-del-cambio-tecnolgico-analizan-la-era-posdigital-en-retina-sociedad-el-pas\/"},"modified":"2019-10-28T20:30:46","modified_gmt":"2019-10-28T19:30:46","slug":"los-lderes-del-cambio-tecnolgico-analizan-la-era-posdigital-en-retina-sociedad-el-pas","status":"publish","type":"post","link":"https:\/\/www.santiagocasas.es\/index.php\/2019\/10\/28\/los-lderes-del-cambio-tecnolgico-analizan-la-era-posdigital-en-retina-sociedad-el-pas\/","title":{"rendered":"Los lderes del cambio tecnolgico analizan la era posdigital en Retina | Sociedad | EL PAS"},"content":{"rendered":"<p><img decoding=\"async\" width=\"200\" height=\"105\" src=\"https:\/\/ep00.epimg.net\/sociedad\/imagenes\/2019\/10\/27\/actualidad\/1572209600_615300_1572250798_rrss_normal.jpg\" alt=\"1572209600_615300_1572250798_rrss_normal.jpg\" \/><\/p>\n<p><a href=\"https:\/\/elpais.com\/sociedad\/2019\/10\/27\/actualidad\/1572209600_615300.html\">Los l\u00edderes del cambio tecnol\u00f3gico analizan la era posdigital en Retina<\/a><\/p>\n<p>El auditorio del Museo Reina Sof\u00eda acoge ma\u00f1ana el foro de las nuevas tendencias<\/p>\n<p><a href=\"https:\/\/elpais.com\/sociedad\/2019\/10\/27\/actualidad\/1572209600_615300.html\">https:\/\/elpais.com\/sociedad\/2019\/10\/27\/actualidad\/1572209600_615300.html<\/a><\/p>\n<p>Enviado desde <a href=\"https:\/\/go.microsoft.com\/fwlink\/?LinkId=550986\"> Correo<\/a> para Windows 10<\/p>\n","protected":false},"excerpt":{"rendered":"<p>Los l\u00edderes del cambio tecnol\u00f3gico analizan la era posdigital en Retina El auditorio del Museo Reina Sof\u00eda acoge ma\u00f1ana el foro de las nuevas tendencias https:\/\/elpais.com\/sociedad\/2019\/10\/27\/actualidad\/1572209600_615300.html Enviado desde Correo para Windows 10<\/p>\n","protected":false},"author":3,"featured_media":0,"comment_status":"closed","ping_status":"closed","sticky":false,"template":"","format":"standard","meta":{"footnotes":""},"categories":[1],"tags":[],"class_list":["post-3062","post","type-post","status-publish","format-standard","hentry","category-sin-categoria"],"_links":{"self":[{"href":"https:\/\/www.santiagocasas.es\/index.php\/wp-json\/wp\/v2\/posts\/3062","targetHints":{"allow":["GET"]}}],"collection":[{"href":"https:\/\/www.santiagocasas.es\/index.php\/wp-json\/wp\/v2\/posts"}],"about":[{"href":"https:\/\/www.santiagocasas.es\/index.php\/wp-json\/wp\/v2\/types\/post"}],"author":[{"embeddable":true,"href":"https:\/\/www.santiagocasas.es\/index.php\/wp-json\/wp\/v2\/users\/3"}],"replies":[{"embeddable":true,"href":"https:\/\/www.santiagocasas.es\/index.php\/wp-json\/wp\/v2\/comments?post=3062"}],"version-history":[{"count":0,"href":"https:\/\/www.santiagocasas.es\/index.php\/wp-json\/wp\/v2\/posts\/3062\/revisions"}],"wp:attachment":[{"href":"https:\/\/www.santiagocasas.es\/index.php\/wp-json\/wp\/v2\/media?parent=3062"}],"wp:term":[{"taxonomy":"category","embeddable":true,"href":"https:\/\/www.santiagocasas.es\/index.php\/wp-json\/wp\/v2\/categories?post=3062"},{"taxonomy":"post_tag","embeddable":true,"href":"https:\/\/www.santiagocasas.es\/index.php\/wp-json\/wp\/v2\/tags?post=3062"}],"curies":[{"name":"wp","href":"https:\/\/api.w.org\/{rel}","templated":true}]}}