{"id":3064,"date":"2019-10-29T20:11:56","date_gmt":"2019-10-29T19:11:56","guid":{"rendered":"http:\/\/www.santiagocasas.es\/index.php\/2019\/10\/29\/el-ine-seguira-la-pista-de-los-moviles-de-toda-espana-durante-ocho-dias-economia-el-pais\/"},"modified":"2019-10-29T20:11:56","modified_gmt":"2019-10-29T19:11:56","slug":"el-ine-seguira-la-pista-de-los-moviles-de-toda-espana-durante-ocho-dias-economia-el-pais","status":"publish","type":"post","link":"https:\/\/www.santiagocasas.es\/index.php\/2019\/10\/29\/el-ine-seguira-la-pista-de-los-moviles-de-toda-espana-durante-ocho-dias-economia-el-pais\/","title":{"rendered":"El INE seguir\u00e1 la pista de los m\u00f3viles de toda Espa\u00f1a durante ocho d\u00edas | Econom\u00eda |  EL PA\u00cdS"},"content":{"rendered":"<p><img decoding=\"async\" width=\"200\" height=\"105\" src=\"https:\/\/ep00.epimg.net\/economia\/imagenes\/2019\/10\/28\/actualidad\/1572295148_688318_1572296410_rrss_normal.jpg\" alt=\"1572295148_688318_1572296410_rrss_normal.jpg\" \/><\/p>\n<p><a href=\"https:\/\/elpais.com\/economia\/2019\/10\/28\/actualidad\/1572295148_688318.html?ssm=FB_CM&amp;fbclid=IwAR3PEG_-S_AQWB04kQf4lfGyBWq3f-LVJ0vscLNYG4HAmWpvkpEywKQ-dDI\">El INE seguir\u00e1 la pista de los m\u00f3viles de toda Espa\u00f1a durante ocho d\u00edas<\/a><\/p>\n<p>El Instituto Nacional de Estad\u00edstica pacta con las operadoras realizar un estudio sobre movilidad empleando informaci\u00f3n an\u00f3nima<\/p>\n<p><a href=\"https:\/\/elpais.com\/economia\/2019\/10\/28\/actualidad\/1572295148_688318.html?ssm=FB_CM&amp;fbclid=IwAR3PEG_-S_AQWB04kQf4lfGyBWq3f-LVJ0vscLNYG4HAmWpvkpEywKQ-dDI\">https:\/\/elpais.com\/economia\/2019\/10\/28\/actualidad\/1572295148_688318.html?ssm=FB_CM&amp;fbclid=IwAR3PEG_-S_AQWB04kQf4lfGyBWq3f-LVJ0vscLNYG4HAmWpvkpEywKQ-dDI<\/a><\/p>\n","protected":false},"excerpt":{"rendered":"<p>El INE seguir\u00e1 la pista de los m\u00f3viles de toda Espa\u00f1a durante ocho d\u00edas El Instituto Nacional de Estad\u00edstica pacta con las operadoras realizar un estudio sobre movilidad empleando informaci\u00f3n an\u00f3nima https:\/\/elpais.com\/economia\/2019\/10\/28\/actualidad\/1572295148_688318.html?ssm=FB_CM&amp;fbclid=IwAR3PEG_-S_AQWB04kQf4lfGyBWq3f-LVJ0vscLNYG4HAmWpvkpEywKQ-dDI<\/p>\n","protected":false},"author":3,"featured_media":0,"comment_status":"closed","ping_status":"closed","sticky":false,"template":"","format":"standard","meta":{"footnotes":""},"categories":[1],"tags":[],"class_list":["post-3064","post","type-post","status-publish","format-standard","hentry","category-sin-categoria"],"_links":{"self":[{"href":"https:\/\/www.santiagocasas.es\/index.php\/wp-json\/wp\/v2\/posts\/3064","targetHints":{"allow":["GET"]}}],"collection":[{"href":"https:\/\/www.santiagocasas.es\/index.php\/wp-json\/wp\/v2\/posts"}],"about":[{"href":"https:\/\/www.santiagocasas.es\/index.php\/wp-json\/wp\/v2\/types\/post"}],"author":[{"embeddable":true,"href":"https:\/\/www.santiagocasas.es\/index.php\/wp-json\/wp\/v2\/users\/3"}],"replies":[{"embeddable":true,"href":"https:\/\/www.santiagocasas.es\/index.php\/wp-json\/wp\/v2\/comments?post=3064"}],"version-history":[{"count":0,"href":"https:\/\/www.santiagocasas.es\/index.php\/wp-json\/wp\/v2\/posts\/3064\/revisions"}],"wp:attachment":[{"href":"https:\/\/www.santiagocasas.es\/index.php\/wp-json\/wp\/v2\/media?parent=3064"}],"wp:term":[{"taxonomy":"category","embeddable":true,"href":"https:\/\/www.santiagocasas.es\/index.php\/wp-json\/wp\/v2\/categories?post=3064"},{"taxonomy":"post_tag","embeddable":true,"href":"https:\/\/www.santiagocasas.es\/index.php\/wp-json\/wp\/v2\/tags?post=3064"}],"curies":[{"name":"wp","href":"https:\/\/api.w.org\/{rel}","templated":true}]}}