{"id":3203,"date":"2020-01-11T11:38:16","date_gmt":"2020-01-11T10:38:16","guid":{"rendered":"http:\/\/www.santiagocasas.es\/index.php\/2020\/01\/11\/uber-saldr-de-colombia-a-partir-de-febrero-economa-el-pas\/"},"modified":"2020-01-11T11:38:16","modified_gmt":"2020-01-11T10:38:16","slug":"uber-saldr-de-colombia-a-partir-de-febrero-economa-el-pas","status":"publish","type":"post","link":"https:\/\/www.santiagocasas.es\/index.php\/2020\/01\/11\/uber-saldr-de-colombia-a-partir-de-febrero-economa-el-pas\/","title":{"rendered":"Uber saldr de Colombia a partir de febrero | Economa | EL PAS"},"content":{"rendered":"<p><img decoding=\"async\" width=\"200\" height=\"105\" src=\"https:\/\/ep00.epimg.net\/economia\/imagenes\/2020\/01\/10\/actualidad\/1578687805_061669_1578688046_rrss_normal.jpg\" alt=\"1578687805_061669_1578688046_rrss_normal.jpg\" \/><\/p>\n<p><a href=\"https:\/\/elpais.com\/economia\/2020\/01\/10\/actualidad\/1578687805_061669.html\">Uber saldr\u00e1 de Colombia a partir de febrero<\/a><\/p>\n<p>La empresa anuncia su decisi\u00f3n despu\u00e9s de un fallo en el que las autoridades le hab\u00edan ordenado suspender su servicio<\/p>\n<p><a href=\"https:\/\/elpais.com\/economia\/2020\/01\/10\/actualidad\/1578687805_061669.html\">https:\/\/elpais.com\/economia\/2020\/01\/10\/actualidad\/1578687805_061669.html<\/a><\/p>\n<p>Enviado desde <a href=\"https:\/\/go.microsoft.com\/fwlink\/?LinkId=550986\"> Correo<\/a> para Windows 10<\/p>\n","protected":false},"excerpt":{"rendered":"<p>Uber saldr\u00e1 de Colombia a partir de febrero La empresa anuncia su decisi\u00f3n despu\u00e9s de un fallo en el que las autoridades le hab\u00edan ordenado suspender su servicio https:\/\/elpais.com\/economia\/2020\/01\/10\/actualidad\/1578687805_061669.html Enviado desde Correo para Windows 10<\/p>\n","protected":false},"author":3,"featured_media":0,"comment_status":"closed","ping_status":"closed","sticky":false,"template":"","format":"standard","meta":{"footnotes":""},"categories":[1],"tags":[],"class_list":["post-3203","post","type-post","status-publish","format-standard","hentry","category-sin-categoria"],"_links":{"self":[{"href":"https:\/\/www.santiagocasas.es\/index.php\/wp-json\/wp\/v2\/posts\/3203","targetHints":{"allow":["GET"]}}],"collection":[{"href":"https:\/\/www.santiagocasas.es\/index.php\/wp-json\/wp\/v2\/posts"}],"about":[{"href":"https:\/\/www.santiagocasas.es\/index.php\/wp-json\/wp\/v2\/types\/post"}],"author":[{"embeddable":true,"href":"https:\/\/www.santiagocasas.es\/index.php\/wp-json\/wp\/v2\/users\/3"}],"replies":[{"embeddable":true,"href":"https:\/\/www.santiagocasas.es\/index.php\/wp-json\/wp\/v2\/comments?post=3203"}],"version-history":[{"count":0,"href":"https:\/\/www.santiagocasas.es\/index.php\/wp-json\/wp\/v2\/posts\/3203\/revisions"}],"wp:attachment":[{"href":"https:\/\/www.santiagocasas.es\/index.php\/wp-json\/wp\/v2\/media?parent=3203"}],"wp:term":[{"taxonomy":"category","embeddable":true,"href":"https:\/\/www.santiagocasas.es\/index.php\/wp-json\/wp\/v2\/categories?post=3203"},{"taxonomy":"post_tag","embeddable":true,"href":"https:\/\/www.santiagocasas.es\/index.php\/wp-json\/wp\/v2\/tags?post=3203"}],"curies":[{"name":"wp","href":"https:\/\/api.w.org\/{rel}","templated":true}]}}