{"id":3240,"date":"2020-01-24T19:09:20","date_gmt":"2020-01-24T18:09:20","guid":{"rendered":"http:\/\/www.santiagocasas.es\/index.php\/2020\/01\/24\/telefonica-subira-entre-3-y-6-euros-sus-paquetes-fusion-en-marzo-economia-el-pais\/"},"modified":"2020-01-24T19:09:20","modified_gmt":"2020-01-24T18:09:20","slug":"telefonica-subira-entre-3-y-6-euros-sus-paquetes-fusion-en-marzo-economia-el-pais","status":"publish","type":"post","link":"https:\/\/www.santiagocasas.es\/index.php\/2020\/01\/24\/telefonica-subira-entre-3-y-6-euros-sus-paquetes-fusion-en-marzo-economia-el-pais\/","title":{"rendered":"Telef\u00f3nica subir\u00e1 entre 3 y 6 euros sus paquetes Fusi\u00f3n en marzo | Econom\u00eda | EL PA\u00cdS"},"content":{"rendered":"<p><img decoding=\"async\" width=\"200\" height=\"105\" src=\"https:\/\/ep00.epimg.net\/economia\/imagenes\/2020\/01\/24\/actualidad\/1579876302_190736_1579876759_rrss_normal.jpg\" alt=\"1579876302_190736_1579876759_rrss_normal.jpg\" \/><\/p>\n<p><a href=\"https:\/\/elpais.com\/economia\/2020\/01\/24\/actualidad\/1579876302_190736.html\">Telef\u00f3nica subir\u00e1 entre 3 y 6 euros sus paquetes Fusi\u00f3n en marzo | Econom\u00eda | EL PA\u00cdS<\/a><\/p>\n<p>La operadora aumentar\u00e1 a cambio el bono de datos en las l\u00edneas m\u00f3viles y repercutir\u00e1 el aumento de precio de Netflix<\/p>\n<p><a href=\"https:\/\/elpais.com\/economia\/2020\/01\/24\/actualidad\/1579876302_190736.html\">https:\/\/elpais.com\/economia\/2020\/01\/24\/actualidad\/1579876302_190736.html<\/a><\/p>\n","protected":false},"excerpt":{"rendered":"<p>Telef\u00f3nica subir\u00e1 entre 3 y 6 euros sus paquetes Fusi\u00f3n en marzo | Econom\u00eda | EL PA\u00cdS La operadora aumentar\u00e1 a cambio el bono de datos en las l\u00edneas m\u00f3viles y repercutir\u00e1 el aumento de precio de Netflix https:\/\/elpais.com\/economia\/2020\/01\/24\/actualidad\/1579876302_190736.html<\/p>\n","protected":false},"author":3,"featured_media":0,"comment_status":"closed","ping_status":"closed","sticky":false,"template":"","format":"standard","meta":{"footnotes":""},"categories":[1],"tags":[],"class_list":["post-3240","post","type-post","status-publish","format-standard","hentry","category-sin-categoria"],"_links":{"self":[{"href":"https:\/\/www.santiagocasas.es\/index.php\/wp-json\/wp\/v2\/posts\/3240","targetHints":{"allow":["GET"]}}],"collection":[{"href":"https:\/\/www.santiagocasas.es\/index.php\/wp-json\/wp\/v2\/posts"}],"about":[{"href":"https:\/\/www.santiagocasas.es\/index.php\/wp-json\/wp\/v2\/types\/post"}],"author":[{"embeddable":true,"href":"https:\/\/www.santiagocasas.es\/index.php\/wp-json\/wp\/v2\/users\/3"}],"replies":[{"embeddable":true,"href":"https:\/\/www.santiagocasas.es\/index.php\/wp-json\/wp\/v2\/comments?post=3240"}],"version-history":[{"count":0,"href":"https:\/\/www.santiagocasas.es\/index.php\/wp-json\/wp\/v2\/posts\/3240\/revisions"}],"wp:attachment":[{"href":"https:\/\/www.santiagocasas.es\/index.php\/wp-json\/wp\/v2\/media?parent=3240"}],"wp:term":[{"taxonomy":"category","embeddable":true,"href":"https:\/\/www.santiagocasas.es\/index.php\/wp-json\/wp\/v2\/categories?post=3240"},{"taxonomy":"post_tag","embeddable":true,"href":"https:\/\/www.santiagocasas.es\/index.php\/wp-json\/wp\/v2\/tags?post=3240"}],"curies":[{"name":"wp","href":"https:\/\/api.w.org\/{rel}","templated":true}]}}