{"id":3243,"date":"2020-01-25T09:05:11","date_gmt":"2020-01-25T08:05:11","guid":{"rendered":"http:\/\/www.santiagocasas.es\/index.php\/2020\/01\/25\/la-policia-de-londres-se-dispone-a-usar-las-polemicas-camaras-de-reconocimiento-facial-tecnologia-el-pais\/"},"modified":"2020-01-25T09:05:11","modified_gmt":"2020-01-25T08:05:11","slug":"la-policia-de-londres-se-dispone-a-usar-las-polemicas-camaras-de-reconocimiento-facial-tecnologia-el-pais","status":"publish","type":"post","link":"https:\/\/www.santiagocasas.es\/index.php\/2020\/01\/25\/la-policia-de-londres-se-dispone-a-usar-las-polemicas-camaras-de-reconocimiento-facial-tecnologia-el-pais\/","title":{"rendered":"La polic\u00eda de Londres se dispone a usar las pol\u00e9micas c\u00e1maras de reconocimiento facial  | Tecnolog\u00eda | EL PA\u00cdS"},"content":{"rendered":"<p><img decoding=\"async\" width=\"200\" height=\"105\" src=\"https:\/\/ep00.epimg.net\/tecnologia\/imagenes\/2020\/01\/24\/actualidad\/1579883409_559518_1579899162_rrss_normal.jpg\" alt=\"1579883409_559518_1579899162_rrss_normal.jpg\" \/><\/p>\n<p><a href=\"https:\/\/elpais.com\/tecnologia\/2020\/01\/24\/actualidad\/1579883409_559518.html?utm_source=Facebook&amp;ssm=FB_CM&amp;fbclid=IwAR3VpR0yn6Cw7LQXQeL5SCQzJqOPRcKMqKVubpVcgkLhs0FUWhpJc0D-XTo#Echobox=1579891582\">La polic\u00eda de Londres se dispone a usar las pol\u00e9micas c\u00e1maras de reconocimiento facial | Tecnolog\u00eda | EL PA\u00cdS<\/a><\/p>\n<p>La decisi\u00f3n se produce en medio de un gran debate global sobre el uso de esta tecnolog\u00eda<\/p>\n<p><a href=\"https:\/\/elpais.com\/tecnologia\/2020\/01\/24\/actualidad\/1579883409_559518.html?utm_source=Facebook&amp;ssm=FB_CM&amp;fbclid=IwAR3VpR0yn6Cw7LQXQeL5SCQzJqOPRcKMqKVubpVcgkLhs0FUWhpJc0D-XTo#Echobox=1579891582\">https:\/\/elpais.com\/tecnologia\/2020\/01\/24\/actualidad\/1579883409_559518.html?utm_source=Facebook&amp;ssm=FB_CM&amp;fbclid=IwAR3VpR0yn6Cw7LQXQeL5SCQzJqOPRcKMqKVubpVcgkLhs0FUWhpJc0D-XTo#Echobox=1579891582<\/a><\/p>\n","protected":false},"excerpt":{"rendered":"<p>La polic\u00eda de Londres se dispone a usar las pol\u00e9micas c\u00e1maras de reconocimiento facial | Tecnolog\u00eda | EL PA\u00cdS La decisi\u00f3n se produce en medio de un gran debate global sobre el uso de esta tecnolog\u00eda https:\/\/elpais.com\/tecnologia\/2020\/01\/24\/actualidad\/1579883409_559518.html?utm_source=Facebook&amp;ssm=FB_CM&amp;fbclid=IwAR3VpR0yn6Cw7LQXQeL5SCQzJqOPRcKMqKVubpVcgkLhs0FUWhpJc0D-XTo#Echobox=1579891582<\/p>\n","protected":false},"author":3,"featured_media":0,"comment_status":"closed","ping_status":"closed","sticky":false,"template":"","format":"standard","meta":{"footnotes":""},"categories":[1],"tags":[],"class_list":["post-3243","post","type-post","status-publish","format-standard","hentry","category-sin-categoria"],"_links":{"self":[{"href":"https:\/\/www.santiagocasas.es\/index.php\/wp-json\/wp\/v2\/posts\/3243","targetHints":{"allow":["GET"]}}],"collection":[{"href":"https:\/\/www.santiagocasas.es\/index.php\/wp-json\/wp\/v2\/posts"}],"about":[{"href":"https:\/\/www.santiagocasas.es\/index.php\/wp-json\/wp\/v2\/types\/post"}],"author":[{"embeddable":true,"href":"https:\/\/www.santiagocasas.es\/index.php\/wp-json\/wp\/v2\/users\/3"}],"replies":[{"embeddable":true,"href":"https:\/\/www.santiagocasas.es\/index.php\/wp-json\/wp\/v2\/comments?post=3243"}],"version-history":[{"count":0,"href":"https:\/\/www.santiagocasas.es\/index.php\/wp-json\/wp\/v2\/posts\/3243\/revisions"}],"wp:attachment":[{"href":"https:\/\/www.santiagocasas.es\/index.php\/wp-json\/wp\/v2\/media?parent=3243"}],"wp:term":[{"taxonomy":"category","embeddable":true,"href":"https:\/\/www.santiagocasas.es\/index.php\/wp-json\/wp\/v2\/categories?post=3243"},{"taxonomy":"post_tag","embeddable":true,"href":"https:\/\/www.santiagocasas.es\/index.php\/wp-json\/wp\/v2\/tags?post=3243"}],"curies":[{"name":"wp","href":"https:\/\/api.w.org\/{rel}","templated":true}]}}