{"id":3244,"date":"2020-01-25T11:49:27","date_gmt":"2020-01-25T10:49:27","guid":{"rendered":"http:\/\/www.santiagocasas.es\/index.php\/2020\/01\/25\/de-los-que-creen-que-5g-matara-a-las-redes-wi-fi-a-quienes-afirman-que-de-hecho-amplifica-ra-su-uso\/"},"modified":"2020-01-25T11:49:27","modified_gmt":"2020-01-25T10:49:27","slug":"de-los-que-creen-que-5g-matara-a-las-redes-wi-fi-a-quienes-afirman-que-de-hecho-amplifica-ra-su-uso","status":"publish","type":"post","link":"https:\/\/www.santiagocasas.es\/index.php\/2020\/01\/25\/de-los-que-creen-que-5g-matara-a-las-redes-wi-fi-a-quienes-afirman-que-de-hecho-amplifica-ra-su-uso\/","title":{"rendered":"De los que creen que 5G matar\u00e1 a las redes Wi-Fi a quienes afirman que de hecho amplifica r\u00e1 su uso"},"content":{"rendered":"<p><img decoding=\"async\" width=\"200\" height=\"134\" src=\"https:\/\/i.blogs.es\/087807\/5g-1\/840_560.jpg\" alt=\"840_560.jpg\" \/><\/p>\n<p><a href=\"https:\/\/www.xataka.com\/moviles\/que-creen-que-5g-matara-a-redes-wi-fi-a-quienes-afirman-que-hecho-amplificara-su-uso?utm_source=facebook&amp;utm_medium=social&amp;utm_campaign=botoneraweb#_=_\">De los que creen que 5G matar\u00e1 a las redes Wi-Fi a quienes afirman que de hecho amplificar\u00e1 su uso<\/a><\/p>\n<p>Las redes 5G ya est\u00e1n aqu\u00ed. Eso dicen, claro, porque aunque en 2019 comenzaron a aparecer los primeros m\u00f3viles con soporte para esta conectividad, las&#8230;<\/p>\n<p><a href=\"https:\/\/www.xataka.com\/moviles\/que-creen-que-5g-matara-a-redes-wi-fi-a-quienes-afirman-que-hecho-amplificara-su-uso?utm_source=facebook&amp;utm_medium=social&amp;utm_campaign=botoneraweb#_=_\">https:\/\/www.xataka.com\/moviles\/que-creen-que-5g-matara-a-redes-wi-fi-a-quienes-afirman-que-hecho-amplificara-su-uso?utm_source=facebook&amp;utm_medium=social&amp;utm_campaign=botoneraweb#_=_<\/a><\/p>\n","protected":false},"excerpt":{"rendered":"<p>De los que creen que 5G matar\u00e1 a las redes Wi-Fi a quienes afirman que de hecho amplificar\u00e1 su uso Las redes 5G ya est\u00e1n aqu\u00ed. Eso dicen, claro, porque aunque en 2019 comenzaron a aparecer los primeros m\u00f3viles con soporte para esta conectividad, las&#8230; https:\/\/www.xataka.com\/moviles\/que-creen-que-5g-matara-a-redes-wi-fi-a-quienes-afirman-que-hecho-amplificara-su-uso?utm_source=facebook&amp;utm_medium=social&amp;utm_campaign=botoneraweb#_=_<\/p>\n","protected":false},"author":3,"featured_media":0,"comment_status":"closed","ping_status":"closed","sticky":false,"template":"","format":"standard","meta":{"footnotes":""},"categories":[1],"tags":[],"class_list":["post-3244","post","type-post","status-publish","format-standard","hentry","category-sin-categoria"],"_links":{"self":[{"href":"https:\/\/www.santiagocasas.es\/index.php\/wp-json\/wp\/v2\/posts\/3244","targetHints":{"allow":["GET"]}}],"collection":[{"href":"https:\/\/www.santiagocasas.es\/index.php\/wp-json\/wp\/v2\/posts"}],"about":[{"href":"https:\/\/www.santiagocasas.es\/index.php\/wp-json\/wp\/v2\/types\/post"}],"author":[{"embeddable":true,"href":"https:\/\/www.santiagocasas.es\/index.php\/wp-json\/wp\/v2\/users\/3"}],"replies":[{"embeddable":true,"href":"https:\/\/www.santiagocasas.es\/index.php\/wp-json\/wp\/v2\/comments?post=3244"}],"version-history":[{"count":0,"href":"https:\/\/www.santiagocasas.es\/index.php\/wp-json\/wp\/v2\/posts\/3244\/revisions"}],"wp:attachment":[{"href":"https:\/\/www.santiagocasas.es\/index.php\/wp-json\/wp\/v2\/media?parent=3244"}],"wp:term":[{"taxonomy":"category","embeddable":true,"href":"https:\/\/www.santiagocasas.es\/index.php\/wp-json\/wp\/v2\/categories?post=3244"},{"taxonomy":"post_tag","embeddable":true,"href":"https:\/\/www.santiagocasas.es\/index.php\/wp-json\/wp\/v2\/tags?post=3244"}],"curies":[{"name":"wp","href":"https:\/\/api.w.org\/{rel}","templated":true}]}}