{"id":3251,"date":"2020-01-28T18:39:23","date_gmt":"2020-01-28T17:39:23","guid":{"rendered":"http:\/\/www.santiagocasas.es\/index.php\/2020\/01\/28\/la-tdt-afronta-su-mayor-mudanza-desde-el-apagon-analogico-television-el-pais\/"},"modified":"2020-01-28T18:39:23","modified_gmt":"2020-01-28T17:39:23","slug":"la-tdt-afronta-su-mayor-mudanza-desde-el-apagon-analogico-television-el-pais","status":"publish","type":"post","link":"https:\/\/www.santiagocasas.es\/index.php\/2020\/01\/28\/la-tdt-afronta-su-mayor-mudanza-desde-el-apagon-analogico-television-el-pais\/","title":{"rendered":"La TDT afronta su mayor mudanza desde el apag\u00f3n anal\u00f3gico | Televisi\u00f3n | EL PA\u00cdS"},"content":{"rendered":"<p><img decoding=\"async\" width=\"200\" height=\"105\" src=\"https:\/\/ep00.epimg.net\/cultura\/imagenes\/2020\/01\/27\/television\/1580142460_337030_1580143089_rrss_normal.jpg\" alt=\"1580142460_337030_1580143089_rrss_normal.jpg\" \/><\/p>\n<p><a href=\"https:\/\/elpais.com\/cultura\/2020\/01\/27\/television\/1580142460_337030.html?ssm=FB_CM_Verne&amp;utm_source=Facebook&amp;fbclid=IwAR15OXakwuF50G0qIplmQoO8Oox5a1Sp2hLyfZWYzVfF8EucIlE6SEPHq7U#Echobox=1580211194\">La TDT afronta su mayor mudanza desde el apag\u00f3n anal\u00f3gico | Televisi\u00f3n | EL PA\u00cdS<\/a><\/p>\n<p>Usuarios de municipios de 32 provincias tienen apenas dos semanas para adaptar las antenas y resintonizar los canales si quieren seguir viendo la televisi\u00f3n<\/p>\n<p><a href=\"https:\/\/elpais.com\/cultura\/2020\/01\/27\/television\/1580142460_337030.html?ssm=FB_CM_Verne&amp;utm_source=Facebook&amp;fbclid=IwAR15OXakwuF50G0qIplmQoO8Oox5a1Sp2hLyfZWYzVfF8EucIlE6SEPHq7U#Echobox=1580211194\">https:\/\/elpais.com\/cultura\/2020\/01\/27\/television\/1580142460_337030.html?ssm=FB_CM_Verne&amp;utm_source=Facebook&amp;fbclid=IwAR15OXakwuF50G0qIplmQoO8Oox5a1Sp2hLyfZWYzVfF8EucIlE6SEPHq7U#Echobox=1580211194<\/a><\/p>\n","protected":false},"excerpt":{"rendered":"<p>La TDT afronta su mayor mudanza desde el apag\u00f3n anal\u00f3gico | Televisi\u00f3n | EL PA\u00cdS Usuarios de municipios de 32 provincias tienen apenas dos semanas para adaptar las antenas y resintonizar los canales si quieren seguir viendo la televisi\u00f3n https:\/\/elpais.com\/cultura\/2020\/01\/27\/television\/1580142460_337030.html?ssm=FB_CM_Verne&amp;utm_source=Facebook&amp;fbclid=IwAR15OXakwuF50G0qIplmQoO8Oox5a1Sp2hLyfZWYzVfF8EucIlE6SEPHq7U#Echobox=1580211194<\/p>\n","protected":false},"author":3,"featured_media":0,"comment_status":"closed","ping_status":"closed","sticky":false,"template":"","format":"standard","meta":{"footnotes":""},"categories":[1],"tags":[],"class_list":["post-3251","post","type-post","status-publish","format-standard","hentry","category-sin-categoria"],"_links":{"self":[{"href":"https:\/\/www.santiagocasas.es\/index.php\/wp-json\/wp\/v2\/posts\/3251","targetHints":{"allow":["GET"]}}],"collection":[{"href":"https:\/\/www.santiagocasas.es\/index.php\/wp-json\/wp\/v2\/posts"}],"about":[{"href":"https:\/\/www.santiagocasas.es\/index.php\/wp-json\/wp\/v2\/types\/post"}],"author":[{"embeddable":true,"href":"https:\/\/www.santiagocasas.es\/index.php\/wp-json\/wp\/v2\/users\/3"}],"replies":[{"embeddable":true,"href":"https:\/\/www.santiagocasas.es\/index.php\/wp-json\/wp\/v2\/comments?post=3251"}],"version-history":[{"count":0,"href":"https:\/\/www.santiagocasas.es\/index.php\/wp-json\/wp\/v2\/posts\/3251\/revisions"}],"wp:attachment":[{"href":"https:\/\/www.santiagocasas.es\/index.php\/wp-json\/wp\/v2\/media?parent=3251"}],"wp:term":[{"taxonomy":"category","embeddable":true,"href":"https:\/\/www.santiagocasas.es\/index.php\/wp-json\/wp\/v2\/categories?post=3251"},{"taxonomy":"post_tag","embeddable":true,"href":"https:\/\/www.santiagocasas.es\/index.php\/wp-json\/wp\/v2\/tags?post=3251"}],"curies":[{"name":"wp","href":"https:\/\/api.w.org\/{rel}","templated":true}]}}